{"id":1525,"date":"2017-01-10T00:25:22","date_gmt":"2017-01-09T23:25:22","guid":{"rendered":"http:\/\/www.mci-uitqi.org\/?p=1525"},"modified":"2017-04-16T13:08:13","modified_gmt":"2017-04-16T12:08:13","slug":"la-syrie-veut-la-liberte-syriawantsfreedom","status":"publish","type":"post","link":"https:\/\/mci-qi.org\/?p=1525","title":{"rendered":"La Syrie veut la libert\u00e9 !"},"content":{"rendered":"<p><span style=\"font-family: Arial, sans-serif;\">La Syrie veut la libert\u00e9 ! Tel \u00e9tait le mot d\u2019ordre de ce samedi 7 janvier 2017. Il s\u2019agissait d\u2019une journ\u00e9e internationale de soutien au peuple syrien. Des rassemblements ont ainsi eu lieu \u00e0 Amsterdam, Berlin, Dortmund, Aix la chapelle, Oslo, ou devant l\u2019ambassade russe en Roumanie.<\/span><\/p>\n<p><span style=\"font-family: Arial, sans-serif;\">A Paris, r\u00e9pondant \u00e0 l&rsquo;appel de Syriennes et de Syriens (#SyriaWantsFreedom), nous \u00e9tions plusieurs centaines \u00e0 nous \u00eatre rassembl\u00e9s Place St Michel. Les syriens pr\u00e9sents scandaient entre autre\u00a0: \u00ab\u00a0Que tu le veuilles ou non Bachar, on aura la libert\u00e9\u00a0!\u00a0\u00bb<a href=\"http:\/\/www.mci-uitqi.org\/wp-content\/uploads\/2017\/01\/20170107-paris-syrie2.jpg\"><img loading=\"lazy\" decoding=\"async\" class=\"size-medium wp-image-1527 alignright\" src=\"http:\/\/www.mci-uitqi.org\/wp-content\/uploads\/2017\/01\/20170107-paris-syrie2-300x225.jpg\" alt=\"20170107-paris-syrie2\" width=\"300\" height=\"225\" srcset=\"https:\/\/mci-qi.org\/wp-content\/uploads\/2017\/01\/20170107-paris-syrie2-300x225.jpg 300w, https:\/\/mci-qi.org\/wp-content\/uploads\/2017\/01\/20170107-paris-syrie2-1024x768.jpg 1024w, https:\/\/mci-qi.org\/wp-content\/uploads\/2017\/01\/20170107-paris-syrie2-174x131.jpg 174w, https:\/\/mci-qi.org\/wp-content\/uploads\/2017\/01\/20170107-paris-syrie2-70x53.jpg 70w, https:\/\/mci-qi.org\/wp-content\/uploads\/2017\/01\/20170107-paris-syrie2-400x300.jpg 400w\" sizes=\"auto, (max-width: 300px) 100vw, 300px\" \/><\/a><a href=\"http:\/\/www.mci-uitqi.org\/wp-content\/uploads\/2017\/01\/20170107-paris-syrie1.jpg\"><img loading=\"lazy\" decoding=\"async\" class=\"size-medium wp-image-1526 alignnone\" src=\"http:\/\/www.mci-uitqi.org\/wp-content\/uploads\/2017\/01\/20170107-paris-syrie1-300x225.jpg\" alt=\"20170107-paris-syrie1\" width=\"300\" height=\"225\" srcset=\"https:\/\/mci-qi.org\/wp-content\/uploads\/2017\/01\/20170107-paris-syrie1-300x225.jpg 300w, https:\/\/mci-qi.org\/wp-content\/uploads\/2017\/01\/20170107-paris-syrie1-1024x768.jpg 1024w, https:\/\/mci-qi.org\/wp-content\/uploads\/2017\/01\/20170107-paris-syrie1-174x131.jpg 174w, https:\/\/mci-qi.org\/wp-content\/uploads\/2017\/01\/20170107-paris-syrie1-70x53.jpg 70w, https:\/\/mci-qi.org\/wp-content\/uploads\/2017\/01\/20170107-paris-syrie1-400x300.jpg 400w\" sizes=\"auto, (max-width: 300px) 100vw, 300px\" \/><\/a><\/span><\/p>\n<p style=\"text-align: center;\"><strong><span style=\"font-family: Arial, sans-serif;\">A bas Al Assad ! Russie hors de Syrie ! <\/span><\/strong><\/p>\n<p style=\"text-align: center;\"><strong><span style=\"font-family: Arial, sans-serif;\">Non aux interventions des Etats-Unis et de l&rsquo;Union Europ\u00e9enne ! <\/span><\/strong><\/p>\n<p style=\"text-align: center;\"><strong><span style=\"font-family: Arial, sans-serif;\">Non \u00e0 Daesh ! Rupture des relations diplomatiques avec le gouvernement d&rsquo;Al Assad !<\/span><\/strong><\/p>\n<div style=\"margin-top: 0px; margin-bottom: 0px;\" class=\"sharethis-inline-share-buttons\" ><\/div>","protected":false},"excerpt":{"rendered":"<div class=\"mh-excerpt\"><p>La Syrie veut la libert\u00e9! Tel \u00e9tait le mot d\u2019ordre de ce samedi 7 janvier 2017. Il s\u2019agissait d\u2019une une journ\u00e9e internationale de soutien au peuple syrien.<\/p>\n<\/div>","protected":false},"author":3,"featured_media":1574,"comment_status":"closed","ping_status":"closed","sticky":false,"template":"","format":"standard","meta":{"footnotes":""},"categories":[35,5,37,12],"tags":[],"class_list":["post-1525","post","type-post","status-publish","format-standard","has-post-thumbnail","hentry","category-campagne-internationale","category-campagnes","category-international-lutte-de-classes","category-proche-et-moyen-orient"],"_links":{"self":[{"href":"https:\/\/mci-qi.org\/index.php?rest_route=\/wp\/v2\/posts\/1525","targetHints":{"allow":["GET"]}}],"collection":[{"href":"https:\/\/mci-qi.org\/index.php?rest_route=\/wp\/v2\/posts"}],"about":[{"href":"https:\/\/mci-qi.org\/index.php?rest_route=\/wp\/v2\/types\/post"}],"author":[{"embeddable":true,"href":"https:\/\/mci-qi.org\/index.php?rest_route=\/wp\/v2\/users\/3"}],"replies":[{"embeddable":true,"href":"https:\/\/mci-qi.org\/index.php?rest_route=%2Fwp%2Fv2%2Fcomments&post=1525"}],"version-history":[{"count":8,"href":"https:\/\/mci-qi.org\/index.php?rest_route=\/wp\/v2\/posts\/1525\/revisions"}],"predecessor-version":[{"id":1537,"href":"https:\/\/mci-qi.org\/index.php?rest_route=\/wp\/v2\/posts\/1525\/revisions\/1537"}],"wp:featuredmedia":[{"embeddable":true,"href":"https:\/\/mci-qi.org\/index.php?rest_route=\/wp\/v2\/media\/1574"}],"wp:attachment":[{"href":"https:\/\/mci-qi.org\/index.php?rest_route=%2Fwp%2Fv2%2Fmedia&parent=1525"}],"wp:term":[{"taxonomy":"category","embeddable":true,"href":"https:\/\/mci-qi.org\/index.php?rest_route=%2Fwp%2Fv2%2Fcategories&post=1525"},{"taxonomy":"post_tag","embeddable":true,"href":"https:\/\/mci-qi.org\/index.php?rest_route=%2Fwp%2Fv2%2Ftags&post=1525"}],"curies":[{"name":"wp","href":"https:\/\/api.w.org\/{rel}","templated":true}]}}