{"id":2760,"date":"2018-02-05T22:46:18","date_gmt":"2018-02-05T21:46:18","guid":{"rendered":"http:\/\/www.mci-uitqi.org\/?p=2760"},"modified":"2018-03-18T17:30:14","modified_gmt":"2018-03-18T16:30:14","slug":"samedi-10-02-rassemblement-pour-la-liberation-dahed-et-de-tous-les-prisonniers-palestiniens","status":"publish","type":"post","link":"https:\/\/mci-qi.org\/?p=2760","title":{"rendered":"Samedi 10-02, rassemblement pour la lib\u00e9ration d\u2019Ahed et de tous les prisonniers palestiniens !"},"content":{"rendered":"<p><strong>Nos ami-e-s du\u00a0<a class=\"nom_site\" title=\"sommaire\" href=\"http:\/\/europalestine.com\/\">CAPJPO &#8211; EuroPalestine<\/a>\u00a0 appel \u00e0 un rassemble\u00a0 ce samedi 10-02 de 14h00 \u00e0 17h00 \u00e0 la Fontaine des Innocents \u00e0 Paris, M\u00e9tro-RER\u00a0: Ch\u00e2telet- Les Halles, nous nous joignons \u00e0 cet appel et appelons toutes les organisations qui se r\u00e9clame du mouvement ouvrier et d\u00e9mocratique \u00e0 y participer !<\/strong><\/p>\n<hr \/>\n<h1 class=\"crayon article-titre-13886 titre tsize\">Appel pour la lib\u00e9ration d\u2019Ahed et de tous les prisonniers palestiniens\u00a0!<\/h1>\n<p>Isra\u00ebl a peur de l\u2019opinion publique internationale et ne cesse de repousser la date du proc\u00e8s de la jeune et courageuse Ahed Tamimi. D\u00e9j\u00e0 report\u00e9 2 fois, il devait se tenir le mardi 6 f\u00e9vrier. Isra\u00ebl, qui compte sur une d\u00e9mobilisation, parle d\u00e9sormais du 13 f\u00e9vrier\u00a0! Nous appelons \u00e0 un rassemblement samedi prochain \u00e0 Paris pour exiger la lib\u00e9ration de tous les prisonniers palestiniens, y compris les 2 millions enferm\u00e9s, sous blocus, dans la grande prison de Gaza\u00a0!<\/p>\n<p>Ce n\u2019est pas que nous nous fassions beaucoup d\u2019illusions sur la justice des tribunaux militaires isra\u00e9liens\u00a0: ils condamnent plus de 95\u00a0% des Palestiniens qui comparaissent devant ces juridictions d\u2019un autre \u00e2ge, r\u00e9serv\u00e9es \u00e0 la population occup\u00e9e.<\/p>\n<p>Mais il n\u2019est pas question de nous prendre pour des imb\u00e9ciles ou d\u2019imaginer que nous allons oublier le sort d\u2019Ahed Tamimi, de sa famille, du village de Nabi Saleh, auxquel l\u2019arm\u00e9e d\u2019occupation fait payer une gifle qui a fait le tour du monde.<\/p>\n<p>Ahed, en affrontant \u00e0 mains nues les soldats qui occupaient sa maison, et qui venaient de blesser tr\u00e8s gri\u00e8vement son cousin Mohamed, est devenue le symbole de la r\u00e9sistance palestinienne.<\/p>\n<p>A ceux qui essayaient de nous faire croire, que c\u2019\u00e9tait pli\u00e9, que la Palestine n\u2019existait plus, la jeune Ahed a montr\u00e9 que les jeunes palestiniens, comme les moins jeunes, n\u2019ont pas pas dit leur dernier mot.<\/p>\n<ul class=\"spip\">\n<li>Malgr\u00e9 la r\u00e9pression isra\u00e9lienne, qui a tout particuli\u00e8rement vis\u00e9 les jeunes Palestiniens, ces derniers mois, en tuant et en blessant des centaines, dont 19 tu\u00e9s depuis le 9 d\u00e9cembre, date de la d\u00e9claration de Trump sur J\u00e9rusalem (sans compter tous ceux qui ont \u00e9t\u00e9 arr\u00eat\u00e9s, emprisonn\u00e9s et tortur\u00e9s),<\/li>\n<li>Malgr\u00e9 la complicit\u00e9 des gouvernements occidentaux et arabes face aux provocations d\u2019un r\u00e9gime de plus en plus honni dans le monde, y compris en Isra\u00ebl o\u00f9 la corruption des dirigeants fait scandale, et am\u00e8ne ces derniers \u00e0 une fuite en avant toujours plus meurtri\u00e8re<\/li>\n<li>Malgr\u00e9 la corruption de l\u2019autorit\u00e9 palestinienne, qui continue \u00e0 enfermer les r\u00e9sistants palestiniens, \u00e0 les livrer \u00e0 Isra\u00ebl, et qui ne saisit toujours pas la Cour P\u00e9nale Internationale, se contentant d\u2019effets de manches peu convaincants,<\/li>\n<\/ul>\n<p><strong>La jeunesse palestinienne r\u00e9siste. Pas question pour elle de quitter sa terre. Elle montre au monde entier l\u2019exemple, face au d\u00e9ni de justice et de droits<\/strong>.<\/p>\n<div id=\"attachment_2764\" style=\"width: 310px\" class=\"wp-caption alignleft\"><a href=\"http:\/\/www.mci-uitqi.org\/wp-content\/uploads\/2018\/02\/photo_banniere_01.png\"><img loading=\"lazy\" decoding=\"async\" aria-describedby=\"caption-attachment-2764\" class=\"size-medium wp-image-2764\" src=\"http:\/\/www.mci-uitqi.org\/wp-content\/uploads\/2018\/02\/photo_banniere_01-300x90.png\" alt=\"Levons le blocus criminel contre Gaza !\" width=\"300\" height=\"90\" \/><\/a><p id=\"caption-attachment-2764\" class=\"wp-caption-text\">Levons le blocus criminel contre Gaza !<\/p><\/div>\n<p>Se trompant d\u2019\u00e9poque et de peuple, Isra\u00ebl esp\u00e9rait se d\u00e9barrasser des Palestiniens comme les Am\u00e9ricains ont an\u00e9anti les Indiens, mais c\u2019est fichu\u00a0: les Palestiniens, sont d\u00e9sormais 6 millions en Palestine, soit autant que les Isra\u00e9liens, et plus personne ne croit que l\u2019on veut \u00ab\u00a0jeter les Juifs \u00e0 la mer\u00a0\u00bb.<\/p>\n<p>Le visage hideux de l\u2019occupation, de la colonisation et de l\u2019apartheid apparait sans fard au plus grand nombre. La farce des n\u00e9gociations a fait long feu. Le monde ne conna\u00eetra pas la paix tant\u00a0<br class=\"autobr\" \/>que les Palestiniens seront priv\u00e9s de leur libert\u00e9 et de leurs droits.<\/p>\n<p>Nous ne sommes pas fatigu\u00e9s\u00a0! Nous avons certes des soucis, mais incomparables \u00e0 c\u00f4t\u00e9 de ceux des Palestiniens. Et quelle honte pour nous, si nous laissions Ahed, ainsi que les 360 enfants palestiniens emprisonn\u00e9s, et tous ceux qu\u2019on g\u00e9nocide \u00e0 petit feu dans la bande de Gaza, sans r\u00e9agir.<\/p>\n<p><strong>C\u2019est pourquoi, nous nous rassemblerons \u00e0 nouveau\u00a0<\/strong>CE SAMEDI 10 F\u00c9VRIER DE 14 \u00c0 17 H A LA FONTAINE DES INNOCENTS A PARIS\u00a0<strong>M\u00e9tro-RER\u00a0: Ch\u00e2telet- Les Halles\u00a0<\/strong><\/p>\n<p><strong>Et nous dirons tout fort ce que nous sommes de plus en plus nombreux \u00e0 penser\u00a0:\u00a0\u00a0<\/strong><strong>\u00c7A SUFFIT\u00a0!<\/strong><\/p>\n<ul>\n<li>STOP \u00c0 L\u2019EMPRISONNEMENT ET \u00c0 LA TORTURE DES ENFANTS PALESTINIENS\u00a0!<\/li>\n<li>LIBERT\u00c9 POUR TOUS LES PRISONNIERS PALESTINIENS\u00a0!<\/li>\n<li>LEV\u00c9E DU BLOCUS DE GAZA\u00a0!<\/li>\n<\/ul>\n<p><strong>BOYCOTT DU R\u00c9GIME COLONIAL CRIMINEL ISRA\u00c9LIEN\u00a0!<\/strong><\/p>\n<p>Car\u00a0<i>\u00ab\u00a0Il y a pire qu\u2019une \u00e2me asservie\u00a0: c\u2019est une \u00e2me habitu\u00e9e\u00a0\u00bb<\/i>, comme disait Charles P\u00e9guy.<\/p>\n<div style=\"margin-top: 0px; margin-bottom: 0px;\" class=\"sharethis-inline-share-buttons\" ><\/div>","protected":false},"excerpt":{"rendered":"<div class=\"mh-excerpt\"><p>Nos ami-e-s du CAPJPO &#8211; EuroPalestine  appel \u00e0 un rassemble  ce samedi 10-02 de 14h00 \u00e0 17h00 \u00e0 la Fontaine des Innocents \u00e0 Paris, nous nous joignons \u00e0 cet appel et appelons toutes les organisations qui se r\u00e9clame du mouvement ouvrier et d\u00e9mocratique \u00e0 y participer !<\/p>\n<\/div>","protected":false},"author":3,"featured_media":2767,"comment_status":"closed","ping_status":"closed","sticky":false,"template":"","format":"standard","meta":{"footnotes":""},"categories":[35,34,5,37,14,36,12],"tags":[],"class_list":["post-2760","post","type-post","status-publish","format-standard","has-post-thumbnail","hentry","category-campagne-internationale","category-campagne-nationale","category-campagnes","category-international-lutte-de-classes","category-lutte-de-classes","category-national","category-proche-et-moyen-orient"],"_links":{"self":[{"href":"https:\/\/mci-qi.org\/index.php?rest_route=\/wp\/v2\/posts\/2760","targetHints":{"allow":["GET"]}}],"collection":[{"href":"https:\/\/mci-qi.org\/index.php?rest_route=\/wp\/v2\/posts"}],"about":[{"href":"https:\/\/mci-qi.org\/index.php?rest_route=\/wp\/v2\/types\/post"}],"author":[{"embeddable":true,"href":"https:\/\/mci-qi.org\/index.php?rest_route=\/wp\/v2\/users\/3"}],"replies":[{"embeddable":true,"href":"https:\/\/mci-qi.org\/index.php?rest_route=%2Fwp%2Fv2%2Fcomments&post=2760"}],"version-history":[{"count":14,"href":"https:\/\/mci-qi.org\/index.php?rest_route=\/wp\/v2\/posts\/2760\/revisions"}],"predecessor-version":[{"id":2776,"href":"https:\/\/mci-qi.org\/index.php?rest_route=\/wp\/v2\/posts\/2760\/revisions\/2776"}],"wp:featuredmedia":[{"embeddable":true,"href":"https:\/\/mci-qi.org\/index.php?rest_route=\/wp\/v2\/media\/2767"}],"wp:attachment":[{"href":"https:\/\/mci-qi.org\/index.php?rest_route=%2Fwp%2Fv2%2Fmedia&parent=2760"}],"wp:term":[{"taxonomy":"category","embeddable":true,"href":"https:\/\/mci-qi.org\/index.php?rest_route=%2Fwp%2Fv2%2Fcategories&post=2760"},{"taxonomy":"post_tag","embeddable":true,"href":"https:\/\/mci-qi.org\/index.php?rest_route=%2Fwp%2Fv2%2Ftags&post=2760"}],"curies":[{"name":"wp","href":"https:\/\/api.w.org\/{rel}","templated":true}]}}