{"id":4005,"date":"2019-10-16T22:37:50","date_gmt":"2019-10-16T21:37:50","guid":{"rendered":"http:\/\/mci-qi.org\/?p=4005"},"modified":"2021-05-04T18:06:29","modified_gmt":"2021-05-04T17:06:29","slug":"hong-kong-tout-notre-soutien-a-la-revolution-democratique-contre-la-repression-communique-du-mci","status":"publish","type":"post","link":"https:\/\/mci-qi.org\/?p=4005","title":{"rendered":"Hong Kong:Tout notre soutien \u00e0 la r\u00e9volution d\u00e9mocratique contre la r\u00e9pression! Communiqu\u00e9 du MCI"},"content":{"rendered":"<p align=\"JUSTIFY\"><span style=\"font-family: Arial, sans-serif;\"><span style=\"font-size: medium;\">En 1842, l&rsquo;Angleterre gagne la \u00ab\u00a0guerre de l&rsquo;opium\u00a0\u00bb. La Chine \u00ab\u00a0c\u00e8de\u00a0\u00bb alors Hong Kong, qui va rester une colonie anglaise jusqu&rsquo;en 1997 (la \u00ab\u00a0r\u00e9trocession\u00a0\u00bb).<\/span><\/span><\/p>\n<p align=\"JUSTIFY\"><span style=\"font-family: Arial, sans-serif;\"><span style=\"font-size: medium;\">Autrefois administr\u00e9e par un \u00ab\u00a0gouverneur\u00a0\u00bb directement nomm\u00e9 par la monarchie anglaise, Hong Kong est aujourd&rsquo;hui dirig\u00e9e par un \u00ab\u00a0chef de l\u2019ex\u00e9cutif\u00a0\u00bb, \u00e9lu par \u00ab\u00a0Comit\u00e9 \u00e9lectoral\u00a0\u00bb compos\u00e9 de 1 200 personnes, repr\u00e9sentant les diff\u00e9rents secteurs de l&rsquo;\u00e9conomie (finance, h\u00f4tellerie, import-export, industrie, assurance\u2026). En outre, les candidatures doivent \u00eatre valid\u00e9e par La Chine.<\/span><\/span><\/p>\n<p align=\"JUSTIFY\"><span style=\"font-family: Arial, sans-serif;\"><span style=\"font-size: medium;\">Ceci explique qu&rsquo;un des combats central des hongkongais est une revendication d\u00e9mocratique\u00a0: l&rsquo;\u00e9lection directe au suffrage universel du \u00ab\u00a0chef de l\u2019ex\u00e9cutif\u00a0\u00bb. <\/span><\/span><\/p>\n<p align=\"JUSTIFY\"><span style=\"font-family: Arial, sans-serif;\"><span style=\"font-size: medium;\">Ainsi en 2014, Hong Kong avait connu sa \u00ab\u00a0r\u00e9volution des parapluies\u00a0\u00bb, qui avait consist\u00e9 en un mouvement d&rsquo;occupation des rues, et des manifestations r\u00e9unissant jusqu&rsquo;\u00e0 100 000 personnes. <\/span><\/span><\/p>\n<p align=\"JUSTIFY\"><span style=\"font-family: Arial, sans-serif;\"><span style=\"font-size: medium;\">En juin 2019, c&rsquo;est un projet de loi d\u2019extradition vers la Chine qui a mis le feu aux poudres. Cette loi permettrait que les hongkongais (opposants politiques, syndicalistes&#8230;) ne soient pas jug\u00e9s \u00e0 Hong Kong o\u00f9 ils b\u00e9n\u00e9ficient de la pr\u00e9somption d&rsquo;innocence et du droit \u00e0 un avocat, mais directement en Chine o\u00f9 la justice est exp\u00e9ditive.<\/span><\/span><\/p>\n<p align=\"JUSTIFY\"><span style=\"font-family: Arial, sans-serif;\"><span style=\"font-size: medium;\">Un million de personnes ont manifest\u00e9 le 9 juin, puis deux millions le 16 juin, soit un quart de la population Hongkongaise\u00a0! Le 5 ao\u00fbt, une gr\u00e8ve g\u00e9n\u00e9rale tr\u00e8s suivie a touch\u00e9 les transports, la construction, l&rsquo;enseignement&#8230;<\/span><\/span><\/p>\n<p align=\"JUSTIFY\"><span style=\"font-family: Arial, sans-serif;\"><span style=\"font-size: medium;\">Face aux revendications, la r\u00e9pression du gouvernement a \u00e9t\u00e9 extr\u00eamement brutale\u00a0: gaz lacrymog\u00e8nes, \u0153ils arrach\u00e9s par des tirs de balles en caoutchouc, arrestations brutales, recours aux triades\u2026 De plus, tout le mois de septembre, les manifestants ont \u00e9t\u00e9 mis en joue par les armes de la police, jusqu&rsquo;\u00e0 ce que le 1er octobre, un manifestant se fasse tirer dessus \u00e0 bout portant\u00a0!<\/span><\/span><\/p>\n<p align=\"JUSTIFY\"><span style=\"font-family: Arial, sans-serif;\"><span style=\"font-size: medium;\">Le 4 septembre, la cheffe de Hong Kong a annonc\u00e9 que la loi d\u2019extradition serait retir\u00e9e en octobre. Les manifestants ne se sont pas satisfaits de cette promesse et continue de se mobiliser chaque jour\u00a0!<\/span><\/span><\/p>\n<p align=\"JUSTIFY\"><span style=\"font-family: Arial, sans-serif;\"><span style=\"font-size: medium;\">Cette mobilisation fait \u00e9chos aux luttes des travailleurs en Chine pour d\u00e9fendre leur droit \u00e0 l&rsquo;organisation ind\u00e9pendante de l&rsquo;Etat, dans le droit fil de la lutte de la place Tiananmen en 1989. D&rsquo;ailleurs les organisateurs du rassemblement \u00e0 Paris ont d\u00e9menti les mensonges du PCC\u00a0: les hongkongais ne veulent pas \u00eatre rattach\u00e9s \u00e0 l&rsquo;Angleterre.<\/span><\/span><\/p>\n<p align=\"JUSTIFY\"><span style=\"font-family: Arial, sans-serif;\"><span style=\"font-size: medium;\">Assez de r\u00e9pression\u00a0!<\/span><\/span><\/p>\n<p align=\"JUSTIFY\"><span style=\"font-family: Arial, sans-serif;\"><span style=\"font-size: medium;\">Vive la libert\u00e9 de s&rsquo;organiser et de manifester des travailleurs !<\/span><\/span><\/p>\n<p align=\"JUSTIFY\"><span style=\"font-family: Arial, sans-serif;\"><span style=\"font-size: medium;\">Vive la solidarit\u00e9 internationale\u00a0!<\/span><\/span><\/p>\n<p align=\"JUSTIFY\">Le MCI , le 15-10-2019<\/p>\n<div style=\"margin-top: 0px; margin-bottom: 0px;\" class=\"sharethis-inline-share-buttons\" ><\/div>","protected":false},"excerpt":{"rendered":"<div class=\"mh-excerpt\"><p> En 2014, Hong Kong avait connu sa \u00ab r\u00e9volution des parapluies \u00bb, en juin 2019, c&rsquo;est un projet de loi d\u2019extradition vers la Chine qui a mis le feu aux poudres.<\/p>\n<\/div>","protected":false},"author":2,"featured_media":4012,"comment_status":"closed","ping_status":"closed","sticky":false,"template":"","format":"standard","meta":{"footnotes":""},"categories":[44,35,5,19,38,37,7,14,49],"tags":[],"class_list":["post-4005","post","type-post","status-publish","format-standard","has-post-thumbnail","hentry","category-asie","category-campagne-internationale","category-campagnes","category-declarations","category-declarations-du-gsi","category-international-lutte-de-classes","category-internationaliste","category-lutte-de-classes","category-publications"],"_links":{"self":[{"href":"https:\/\/mci-qi.org\/index.php?rest_route=\/wp\/v2\/posts\/4005","targetHints":{"allow":["GET"]}}],"collection":[{"href":"https:\/\/mci-qi.org\/index.php?rest_route=\/wp\/v2\/posts"}],"about":[{"href":"https:\/\/mci-qi.org\/index.php?rest_route=\/wp\/v2\/types\/post"}],"author":[{"embeddable":true,"href":"https:\/\/mci-qi.org\/index.php?rest_route=\/wp\/v2\/users\/2"}],"replies":[{"embeddable":true,"href":"https:\/\/mci-qi.org\/index.php?rest_route=%2Fwp%2Fv2%2Fcomments&post=4005"}],"version-history":[{"count":8,"href":"https:\/\/mci-qi.org\/index.php?rest_route=\/wp\/v2\/posts\/4005\/revisions"}],"predecessor-version":[{"id":4009,"href":"https:\/\/mci-qi.org\/index.php?rest_route=\/wp\/v2\/posts\/4005\/revisions\/4009"}],"wp:featuredmedia":[{"embeddable":true,"href":"https:\/\/mci-qi.org\/index.php?rest_route=\/wp\/v2\/media\/4012"}],"wp:attachment":[{"href":"https:\/\/mci-qi.org\/index.php?rest_route=%2Fwp%2Fv2%2Fmedia&parent=4005"}],"wp:term":[{"taxonomy":"category","embeddable":true,"href":"https:\/\/mci-qi.org\/index.php?rest_route=%2Fwp%2Fv2%2Fcategories&post=4005"},{"taxonomy":"post_tag","embeddable":true,"href":"https:\/\/mci-qi.org\/index.php?rest_route=%2Fwp%2Fv2%2Ftags&post=4005"}],"curies":[{"name":"wp","href":"https:\/\/api.w.org\/{rel}","templated":true}]}}