{"id":4953,"date":"2015-07-12T10:36:49","date_gmt":"2015-07-12T09:36:49","guid":{"rendered":"http:\/\/mci-qi.org\/?p=4953"},"modified":"2020-05-21T11:21:07","modified_gmt":"2020-05-21T10:21:07","slug":"conference-internationale-de-solidarite-avec-la-revolution-syrienne","status":"publish","type":"post","link":"https:\/\/mci-qi.org\/?p=4953","title":{"rendered":"Conf\u00e9rence internationale de solidarit\u00e9 avec la r\u00e9volution syrienne."},"content":{"rendered":"\n<p class=\"has-text-align-center\"><em>Article de<\/em> L\u2019Internationaliste<em> n\u00b0155 de juillet-ao\u00fbt 2015<\/em><\/p>\n\n\n\n<p>Les\n11 et 12 juillet, une conf\u00e9rence de solidarit\u00e9 avec la r\u00e9volution\nsyrienne a eu lieu et elle s\u2019est termin\u00e9e sur un meeting. Des\ndirigeants r\u00e9volutionnaires syriens y ont particip\u00e9 comme\nl\u2019\u00e9crivain et dirigeant marxiste syro-palestinien Salameh Karleh,\nl\u2019intellectuel et activiste reconnu Yassin Al Haj Saleh, tous deux\npoursuivis et emprisonn\u00e9s par la dictature syrienne, qui vivent\nmaintenant en exil.<\/p>\n\n\n\n<p>\nEtaient\naussi pr\u00e9sents Manzour Atassi de la plateforme de Gauche\nD\u00e9mocratique&nbsp; ; Yasser Munif, universitaire de Boston de Red\nGlobal pour la r\u00e9volution syrienne&nbsp; ; un repr\u00e9sentant du\nMouvement de la Gauche du Liban&nbsp; ; un dirigeant du GSI de\nFrance&nbsp; ; Revoluzionesiriana.org (Italie)&nbsp; ; des membres de\nla LIT-QI et pour l\u2019Unit\u00e9 Internationale des Travailleurs \u2013\nQuatri\u00e8me Internationale  (UIT-QI) des dirigeants du Parti\nD\u00e9mocratie Ouvri\u00e8re (IDP) de Turquie, de Lutte Internationaliste de\nl\u2019\u00e9tat espagnol, du KRD allemand et Miguel Sorans, dirigeant de la\nGauche Socialiste (IS) argentine en soutien inconditionnel \u00e0 la\nr\u00e9volution du peuple syrien pour la libert\u00e9 et pour la fin du\nr\u00e9gime g\u00e9nocidaire du dictateur Al Assad, non \u00e0 l\u2019imp\u00e9rialisme\net non \u00e0 Daesh. Une d\u00e9claration \u00e0 \u00e9t\u00e9 \u00e9crite et des actions ont\n\u00e9t\u00e9 d\u00e9cid\u00e9es pour faire une campagne mondiale.<\/p>\n\n\n\n<p class=\"has-text-align-center\"><strong>Vive\nla lutte h\u00e9ro\u00efque du peuple syrien et la solidarit\u00e9\ninternationaliste&nbsp; !<\/strong><\/p>\n\n\n\n<p class=\"has-text-align-right\"> Istanbul les 11 et 12 juillet 2015<\/p>\n\n\n\n<p class=\"has-text-align-right\">Traduit du site de l&rsquo;UIT  <\/p>\n\n\n\n<hr class=\"wp-block-separator\"\/>\n\n\n\n<div class=\"wp-block-image\"><figure class=\"aligncenter size-large is-resized\"><img loading=\"lazy\" decoding=\"async\" src=\"https:\/\/mci-qi.org\/wp-content\/uploads\/2020\/05\/R\u00e9volution-syrienne.jpg\" alt=\"\" class=\"wp-image-4957\" width=\"512\" height=\"344\" srcset=\"https:\/\/mci-qi.org\/wp-content\/uploads\/2020\/05\/R\u00e9volution-syrienne.jpg 512w, https:\/\/mci-qi.org\/wp-content\/uploads\/2020\/05\/R\u00e9volution-syrienne-300x202.jpg 300w, https:\/\/mci-qi.org\/wp-content\/uploads\/2020\/05\/R\u00e9volution-syrienne-400x269.jpg 400w\" sizes=\"auto, (max-width: 512px) 100vw, 512px\" \/><\/figure><\/div>\n\n\n\n<h4 class=\"has-text-align-left wp-block-heading\">Le GSI salue la conf\u00e9rence en<br> soutien \u00e0 la r\u00e9volution syrienne<\/h4>\n\n\n\n<p>Chers\ncamarades, chers amis,<\/p>\n\n\n\n<p>Nous\nne pouvons rester les bras crois\u00e9s face \u00e0 la r\u00e9volution en cours\nen Syrie.<\/p>\n\n\n\n<p>Nous\nne pouvons laisser le peuple syrien seul face \u00e0 ses bourreaux.<\/p>\n\n\n\n<p>Depuis\nle d\u00e9but, le r\u00e9gime syrien, l&rsquo;\u00e9tat sioniste d&rsquo;Isra\u00ebl, les\nmonarchies du golf, les islamistes ont travaill\u00e9 \u00e0\nconfessionnaliser le conflit de classe en guerre civile sectaire. Il \nfallait \u00e0 tout prix \u00e9craser, atomiser une r\u00e9volution d\u00e9terminante\npour l&rsquo;avenir des peuples de la r\u00e9gion; en particulier pour les\npeuples kurde et palestinien.<\/p>\n\n\n\n<p>Combattre\nla propagande pro Assad  ou ceux qui r\u00e9duisent ce conflit de classe\net cette r\u00e9volution \u00e0 un soi-disant affrontement entre islamistes\net Assad est vital pour rompre l&rsquo;isolement et l&rsquo;abandon dans lequel\nse trouve le peuple syrien!<\/p>\n\n\n\n<p>Cette\nconf\u00e9rence, aussi modeste soit-elle, parce qu&rsquo;elle se positionne\nclairement du c\u00f4t\u00e9 de la r\u00e9volution, rompant avec les discours\nd\u00e9faitistes.<\/p>\n\n\n\n<p>Cette\nconf\u00e9rence et les d\u00e9l\u00e9gations pr\u00e9sentes, en particulier de Syrie,\nd\u00e9montre qu&rsquo;il est possible d&rsquo;agir, au del\u00e0 de nos diff\u00e9rences, de\nfa\u00e7on cons\u00e9quente pour la r\u00e9volution syrienne!<\/p>\n\n\n\n<p>Pour\nune Syrie la\u00efque, d\u00e9mocratique et socialiste:<\/p>\n\n\n\n<p>Vive\nla r\u00e9volution syrienne!<\/p>\n<div style=\"margin-top: 0px; margin-bottom: 0px;\" class=\"sharethis-inline-share-buttons\" ><\/div>","protected":false},"excerpt":{"rendered":"<div class=\"mh-excerpt\"><p>Article de L\u2019Internationaliste n\u00b0155 de juillet-ao\u00fbt 2015 Les 11 et 12 juillet, une conf\u00e9rence de solidarit\u00e9 avec la r\u00e9volution syrienne a eu lieu et elle <a class=\"mh-excerpt-more\" href=\"https:\/\/mci-qi.org\/?p=4953\" title=\"Conf\u00e9rence internationale de solidarit\u00e9 avec la r\u00e9volution syrienne.\">[&#8230;]<\/a><\/p>\n<\/div>","protected":false},"author":2,"featured_media":4956,"comment_status":"closed","ping_status":"closed","sticky":false,"template":"","format":"standard","meta":{"footnotes":""},"categories":[35,5,19,39,37,7,14,49,12],"tags":[],"class_list":["post-4953","post","type-post","status-publish","format-standard","has-post-thumbnail","hentry","category-campagne-internationale","category-campagnes","category-declarations","category-declarations-de-luit","category-international-lutte-de-classes","category-internationaliste","category-lutte-de-classes","category-publications","category-proche-et-moyen-orient"],"_links":{"self":[{"href":"https:\/\/mci-qi.org\/index.php?rest_route=\/wp\/v2\/posts\/4953","targetHints":{"allow":["GET"]}}],"collection":[{"href":"https:\/\/mci-qi.org\/index.php?rest_route=\/wp\/v2\/posts"}],"about":[{"href":"https:\/\/mci-qi.org\/index.php?rest_route=\/wp\/v2\/types\/post"}],"author":[{"embeddable":true,"href":"https:\/\/mci-qi.org\/index.php?rest_route=\/wp\/v2\/users\/2"}],"replies":[{"embeddable":true,"href":"https:\/\/mci-qi.org\/index.php?rest_route=%2Fwp%2Fv2%2Fcomments&post=4953"}],"version-history":[{"count":3,"href":"https:\/\/mci-qi.org\/index.php?rest_route=\/wp\/v2\/posts\/4953\/revisions"}],"predecessor-version":[{"id":4997,"href":"https:\/\/mci-qi.org\/index.php?rest_route=\/wp\/v2\/posts\/4953\/revisions\/4997"}],"wp:featuredmedia":[{"embeddable":true,"href":"https:\/\/mci-qi.org\/index.php?rest_route=\/wp\/v2\/media\/4956"}],"wp:attachment":[{"href":"https:\/\/mci-qi.org\/index.php?rest_route=%2Fwp%2Fv2%2Fmedia&parent=4953"}],"wp:term":[{"taxonomy":"category","embeddable":true,"href":"https:\/\/mci-qi.org\/index.php?rest_route=%2Fwp%2Fv2%2Fcategories&post=4953"},{"taxonomy":"post_tag","embeddable":true,"href":"https:\/\/mci-qi.org\/index.php?rest_route=%2Fwp%2Fv2%2Ftags&post=4953"}],"curies":[{"name":"wp","href":"https:\/\/api.w.org\/{rel}","templated":true}]}}