{"id":5475,"date":"2020-07-20T20:41:32","date_gmt":"2020-07-20T19:41:32","guid":{"rendered":"http:\/\/mci-qi.org\/?p=5475"},"modified":"2022-03-24T16:06:24","modified_gmt":"2022-03-24T15:06:24","slug":"hong-kong-un-an-de-mobilisation-permanente","status":"publish","type":"post","link":"https:\/\/mci-qi.org\/?p=5475","title":{"rendered":"Hong Kong\u00a0: Un an de mobilisation permanente\u00a0!"},"content":{"rendered":"\n<p class=\"has-text-align-right\"><strong>Paris, le 12 juillet 2020<\/strong><\/p>\n\n\n\n<p>Mercredi 1<sup>er<\/sup>\njuillet 2020, on a vu une violence sans pr\u00e9c\u00e9dent d\u00e9ferler sur les\nmanifestants pro-d\u00e9mocratie de Hong Kong. Matraque, gaz et canons \u00e0\neau ont \u00e9t\u00e9 employ\u00e9s. Plus de 180 personnes ont \u00e9t\u00e9 arr\u00eat\u00e9es\npar la police. Comment en sommes-nous arriv\u00e9s l\u00e0&nbsp;?<\/p>\n\n\n\n<h4 class=\"has-text-align-center wp-block-heading\"><strong>2018&nbsp;:\nLe PCC donne les pleins pouvoirs \u00e0 <\/strong><strong>Xi Jinping<\/strong><\/h4>\n\n\n\n<p>Le Parti\nCommuniste Chinois (PCC) est le seul parti autoris\u00e9 en Chine. C&rsquo;est\nce parti qui essaye de contr\u00f4ler d&rsquo;une main de fer la population\nvivant en Chine&nbsp;: il a, par exemple, r\u00e9prim\u00e9 dans le sang la\njeunesse et les travailleurs qui en 1989 r\u00e9clamaient la d\u00e9mocratie\nplace Tiananmen \u00e0 P\u00e9kin. C&rsquo;est aussi ce parti qui a r\u00e9introduit un\ncapitalisme d\u00e9brid\u00e9 dans ce pays.<\/p>\n\n\n\n<p>En 2013, Xi\nJinping devient pr\u00e9sident de la Chine, pour 5 ans. Pendant toute la\ndur\u00e9e de son mandat, au nom de la \u00ab&nbsp;lutte anti-corruption&nbsp;\u00bb,\nil va mettre en prison des membres du PCC effectivement corrompus,\nmais surtout les concurrents \u00e0 sa succession.<\/p>\n\n\n\n<p>Au printemps 2018, \u00e0 la veille de sa r\u00e9\u00e9lection, il fait modifier la constitution&nbsp;: la limite des mandats pr\u00e9sidentiels dans le temps est abolie. <\/p>\n\n\n\n<p>Xi Jinping peut donc devenir pr\u00e9sident \u00e0 vie&nbsp;! (On voit que Vladimir Poutine en Russie suit le m\u00eame chemin, lui qui vient aussi de modifier la constitution afin de pouvoir se pr\u00e9senter deux fois de plus \u00e0 l&rsquo;\u00e9lection pr\u00e9sidentielle\u2026).<\/p>\n\n\n\n<p>L&rsquo;objectif affich\u00e9 du pr\u00e9sident est de faire de la Chine la premi\u00e8re puissance mondiale. Atteindre cet objectif \u00e9conomique et militaire, semble passer par une concentration toujours plus grande du pouvoir entre les mains de Xi Jinping. <\/p>\n\n\n\n<p>Ainsi, en m\u00eame temps que sa r\u00e9\u00e9lection, ont \u00e9t\u00e9 vot\u00e9&nbsp;: la suppression de 15 minist\u00e8res et la cr\u00e9ation d&rsquo;une Commission nationale de supervision charg\u00e9e de la lutte anti-corruption.<\/p>\n\n\n\n<p>Cette Commission a la particularit\u00e9 d&rsquo;\u00eatre au-dessus du Parquet supr\u00eame et du Tribunal supr\u00eame, ce qui fait qu&rsquo;elle est au-dessus des lois&nbsp;! <\/p>\n\n\n\n<p>Cette Commission permet la d\u00e9tention provisoire de 6 mois, avant enqu\u00eate, et la pr\u00e9sence d&rsquo;un avocat n&rsquo;est plus requise lors d&rsquo;un proc\u00e8s. On voit donc qu&rsquo;en Chine, le pouvoir se concentre, et va faire r\u00e9gner l&rsquo;arbitraire. <\/p>\n\n\n\n<figure class=\"wp-block-image size-large is-resized\"><img loading=\"lazy\" decoding=\"async\" src=\"https:\/\/mci-qi.org\/wp-content\/uploads\/2020\/07\/HK-5-aout-2019-1024x683.jpg\" alt=\"HK - 5 ao\u00fbt 2019\" class=\"wp-image-5478\" width=\"592\" height=\"395\" srcset=\"https:\/\/mci-qi.org\/wp-content\/uploads\/2020\/07\/HK-5-aout-2019-1024x683.jpg 1024w, https:\/\/mci-qi.org\/wp-content\/uploads\/2020\/07\/HK-5-aout-2019-300x200.jpg 300w, https:\/\/mci-qi.org\/wp-content\/uploads\/2020\/07\/HK-5-aout-2019-768x512.jpg 768w, https:\/\/mci-qi.org\/wp-content\/uploads\/2020\/07\/HK-5-aout-2019-400x267.jpg 400w, https:\/\/mci-qi.org\/wp-content\/uploads\/2020\/07\/HK-5-aout-2019.jpg 1200w\" sizes=\"auto, (max-width: 592px) 100vw, 592px\" \/><\/figure>\n\n\n\n<h4 class=\"has-text-align-center wp-block-heading\"><strong>Juin\n2019&nbsp;: D<\/strong><strong>\u00e9<\/strong><strong>but d&rsquo;une mobilisation sans pr\u00e9c\u00e9dent\n\u00e0 Hong-Kong<\/strong><\/h4>\n\n\n\n<p>Le durcissement de\nl&rsquo;appareil \u00e9tatique chinois a eu une cons\u00e9quence directe sur Hong\nKong. En effet, c&rsquo;est une ancienne colonie anglaise, qui est\nrattach\u00e9e (\u00ab&nbsp;r\u00e9troc\u00e9d\u00e9e&nbsp;\u00bb) depuis le 1<sup>er<\/sup>\njuillet 1997 \u00e0 la Chine, sous la formule \u00ab&nbsp;Un pays, deux\nsyst\u00e8mes&nbsp;\u00bb&nbsp;: Hong Kong \u00e9tait cens\u00e9 pouvoir garder ses\nsp\u00e9cificit\u00e9s. Ce sont ces sp\u00e9cificit\u00e9s qui sont aujourd&rsquo;hui\nremises en cause et que la population d\u00e9fend h\u00e9ro\u00efquement. \n<\/p>\n\n\n\n<p>Comme nous l&rsquo;\u00e9crivions dans <a href=\"https:\/\/mci-qi.org\/?p=4005\" target=\"_blank\" rel=\"noreferrer noopener\" aria-label=\"L'Internationaliste n\u00b0187 (s\u2019ouvre dans un nouvel onglet)\"><em>L&rsquo;Internationaliste <\/em>n\u00b0187<\/a> : \u00ab&nbsp;En juin 2019, c\u2019est un projet de loi d\u2019extradition vers la Chine qui a mis le feu aux poudres. Cette loi permettrait que les hongkongais (opposants politiques, syndicalistes\u2026) ne soient pas jug\u00e9s \u00e0 Hong Kong o\u00f9 ils b\u00e9n\u00e9ficient de la pr\u00e9somption d\u2019innocence et du droit \u00e0 un avocat, mais directement en Chine o\u00f9 la justice est exp\u00e9ditive.<\/p>\n\n\n\n<p><strong>Un million de personnes ont manifest\u00e9 le 9 juin, puis deux millions le 16 juin, soit un quart de la population Hongkongaise&nbsp;! Le 5 ao\u00fbt, une gr\u00e8ve g\u00e9n\u00e9rale tr\u00e8s suivie a touch\u00e9 les transports, la construction, l\u2019enseignement<\/strong>&#8230;<\/p>\n\n\n\n<p>Ces \u00e9l\u00e9ments\nmontrent que, d\u00e8s le d\u00e9part, les travailleurs et les jeunes \u00e9taient\ntr\u00e8s mobilis\u00e9s contre la main-mise de la Chine sur Hong Kong, en\nr\u00e9alisant des manifestations massives et historiques&nbsp;!<\/p>\n\n\n\n<h4 class=\"has-text-align-center wp-block-heading\"><strong>Septembre\n2019&nbsp;: <\/strong><strong>U<\/strong><strong>ne premi\u00e8re victoire<\/strong><\/h4>\n\n\n\n<p>La pression des masses a \u00e9t\u00e9 si importante, que Carrie Lam, la cheffe de l\u2019ex\u00e9cutif de Hong Kong (\u00e9lue au suffrage indirect, et adoub\u00e9e par P\u00e9kin) a \u00e9t\u00e9 contrainte d&rsquo;annoncer que la \u00ab&nbsp;loi d&rsquo;extradition&nbsp;\u00bb serait retir\u00e9e\u2026 en octobre. <\/p>\n\n\n\n<p>N&rsquo;ayant pas confiance dans cette promesse, les travailleurs et les jeunes ont continu\u00e9 de se mobiliser.<\/p>\n\n\n\n<p>Chaque ann\u00e9e, des c\u00e9r\u00e9monies comm\u00e9moratives officielles ont lieu le 1<sup>er<\/sup> octobre, car c&rsquo;est la date d&rsquo;anniversaire de la prise de pouvoir de Mao Ts\u00e9-Toung en Chine. <\/p>\n\n\n\n<p>Cette ann\u00e9e 2019, il s&rsquo;agissait d&rsquo;une date particuli\u00e8re puisque c&rsquo;\u00e9tait la c\u00e9l\u00e9bration des 70 ans. Xi Jinping voulait d\u00e9montrer que la situation \u00e9tait sous contr\u00f4le. <\/p>\n\n\n\n<p>Les hongkongais ne se sont pas laiss\u00e9s intimid\u00e9s&nbsp;: malgr\u00e9 un fort d\u00e9ploiement policier, et des tirs \u00e0 belle r\u00e9elle, les manifestants \u00e9taient tr\u00e8s nombreux dans les rues.<\/p>\n\n\n\n<p><strong>En r\u00e9ponse, Carrie Lam annonce que dor\u00e9navant, toute personne portant des masques en manifestation sera emprisonn\u00e9.<\/strong><\/p>\n\n\n\n<p><strong>Preuve en est que la population n&rsquo;a pas peur&nbsp;: le 20 octobre, c&rsquo;est une v\u00e9ritable mar\u00e9e humaine qui a d\u00e9ferl\u00e9 sur Hong Kong contre \u00ab&nbsp;l&rsquo;anti-mask law&nbsp;\u00bb&nbsp;!<\/strong><\/p>\n\n\n\n<figure class=\"wp-block-image size-large is-resized\"><img loading=\"lazy\" decoding=\"async\" src=\"https:\/\/mci-qi.org\/wp-content\/uploads\/2020\/07\/HK-2-septembre-2019-1024x683.jpg\" alt=\"HK - 2 septembre 2019\" class=\"wp-image-5479\" width=\"577\" height=\"385\" srcset=\"https:\/\/mci-qi.org\/wp-content\/uploads\/2020\/07\/HK-2-septembre-2019-1024x683.jpg 1024w, https:\/\/mci-qi.org\/wp-content\/uploads\/2020\/07\/HK-2-septembre-2019-300x200.jpg 300w, https:\/\/mci-qi.org\/wp-content\/uploads\/2020\/07\/HK-2-septembre-2019-768x512.jpg 768w, https:\/\/mci-qi.org\/wp-content\/uploads\/2020\/07\/HK-2-septembre-2019-1536x1024.jpg 1536w, https:\/\/mci-qi.org\/wp-content\/uploads\/2020\/07\/HK-2-septembre-2019-2048x1365.jpg 2048w, https:\/\/mci-qi.org\/wp-content\/uploads\/2020\/07\/HK-2-septembre-2019-400x267.jpg 400w\" sizes=\"auto, (max-width: 577px) 100vw, 577px\" \/><\/figure>\n\n\n\n<h4 class=\"has-text-align-center wp-block-heading\"><strong>Novembre\n2019&nbsp;: <\/strong><strong>D\u00e9faite du camp pro-p\u00e9kin aux <\/strong><strong>\u00e9lections<\/strong><\/h4>\n\n\n\n<p>Dans cette ancienne colonie britannique, d&rsquo;octobre \u00e0 d\u00e9cembre, prises de parole, rassemblements et manifestations sont quotidiens. Autant dire que les \u00e9lections au \u00ab&nbsp;Hong Kong District Council&nbsp;\u00bb \u00e9taient encadr\u00e9es par la lutte des classes. <\/p>\n\n\n\n<p><strong>70&nbsp;% des \u00e9lecteurs se sont d\u00e9plac\u00e9s pour voter, ce qui est plus que d&rsquo;habitude. Les r\u00e9sultats ont \u00e9t\u00e9 assez nets&nbsp;: les candidats pro-Chine ont subi une lourde d\u00e9faite, passant de 331 \u00e0 89 si\u00e8ges, quand les candidats \u00ab&nbsp;pro-d\u00e9mocratie&nbsp;\u00bb passent de 124 \u00e0 386 si\u00e8ges, et contr\u00f4lent 17 \u00ab&nbsp;districts&nbsp;\u00bb de Hong Kong sur 18.<\/strong><\/p>\n\n\n\n<p>Mais\nla lutte pour la d\u00e9mocratie ne s&rsquo;est pas arr\u00eat\u00e9e avec ces\n\u00e9lections. Plus\nde 800 000 personnes ont manifest\u00e9 le 1<sup>er<\/sup>\nd\u00e9cembre. Le\n22 d\u00e9cembre, les manifestations se sont faites\nen soutien \u00e0 la population\nOu\u00efghour\n(voir encadr\u00e9 ci-apr\u00e8s).\nLe jour du nouvel an, le 1<sup>er<\/sup>\njanvier 2020, ce sont encore un million de personnes qui\nmanifestaient&nbsp;!<\/p>\n\n\n\n<h4 class=\"has-text-align-center wp-block-heading\"><strong>C<\/strong><strong>ovid-19&nbsp;:\nDes gr\u00e8ves pour imposer le confinement<\/strong><\/h4>\n\n\n\n<p>Pour Carrie Lam, il \u00e9tait inenvisageable de fermer les fronti\u00e8res, \u00e9tant donn\u00e9 que la Chine est un \u00ab&nbsp;partenaire \u00e9conomique essentiel&nbsp;\u00bb. <\/p>\n\n\n\n<p>Mais aussi parce que Hong-Kong est la troisi\u00e8me place boursi\u00e8re apr\u00e8s New-York et Londres, un des pays o\u00f9 le m\u00e8tre carr\u00e9 dans l&rsquo;immobilier est le plus cher et un port d\u2019importance strat\u00e9gique pour la Chine mais surtout pour toutes les puissances imp\u00e9rialistes\u2026<\/p>\n\n\n\n<p>Autrement dit, \u00e0\nHong Kong aussi, les profits doivent passer avant la sant\u00e9 de la\npopulation. Une telle argumentation fait \u00e9videmment penser \u00e0\nd&rsquo;autres dirigeants politiques, tels que Trump, Bolsonaro, Johnson ou\nMacron.<\/p>\n\n\n\n<p><strong>Comme ses homologues des autres pays, Carrie Lam a utilis\u00e9 le Covid-19 pour tenter de b\u00e2illonner toute contestation&nbsp;: elle a fait interdire les rassemblements de plus de 4 personnes&nbsp;!  <\/strong><\/p>\n\n\n\n<p>Le secteur de la sant\u00e9 a \u00e9t\u00e9 \u00e0 la pointe de la lutte pour imposer au gouvernement la fermeture des fronti\u00e8res. <strong>Il aura fallu 5 jours de gr\u00e8ves pour cela, du 3 au 7 f\u00e9vrier, pour obtenir satisfaction de leurs revendications. <\/strong><\/p>\n\n\n\n<p>Les travailleurs de la sant\u00e9 en gr\u00e8ve ont \u00e9galement d\u00e9nonc\u00e9 le manque de protection, et ont exig\u00e9 d&rsquo;avoir des masques m\u00e9dicaux en nombre suffisant.<\/p>\n\n\n\n<figure class=\"wp-block-image size-large is-resized\"><img loading=\"lazy\" decoding=\"async\" src=\"https:\/\/mci-qi.org\/wp-content\/uploads\/2020\/07\/HK-f\u00e9vrier-2020.-Gr\u00e8ve-des-hopitaux-pour-la-fermeture-des-fronti\u00e8res-1024x683.jpg\" alt=\"HK- F\u00e9vrier 2020 - Gr\u00e8ve des h\u00f4pitaux pour la fermeture des fronti\u00e8res\" class=\"wp-image-5480\" width=\"583\" height=\"389\" srcset=\"https:\/\/mci-qi.org\/wp-content\/uploads\/2020\/07\/HK-f\u00e9vrier-2020.-Gr\u00e8ve-des-hopitaux-pour-la-fermeture-des-fronti\u00e8res-1024x683.jpg 1024w, https:\/\/mci-qi.org\/wp-content\/uploads\/2020\/07\/HK-f\u00e9vrier-2020.-Gr\u00e8ve-des-hopitaux-pour-la-fermeture-des-fronti\u00e8res-300x200.jpg 300w, https:\/\/mci-qi.org\/wp-content\/uploads\/2020\/07\/HK-f\u00e9vrier-2020.-Gr\u00e8ve-des-hopitaux-pour-la-fermeture-des-fronti\u00e8res-768x512.jpg 768w, https:\/\/mci-qi.org\/wp-content\/uploads\/2020\/07\/HK-f\u00e9vrier-2020.-Gr\u00e8ve-des-hopitaux-pour-la-fermeture-des-fronti\u00e8res-400x267.jpg 400w, https:\/\/mci-qi.org\/wp-content\/uploads\/2020\/07\/HK-f\u00e9vrier-2020.-Gr\u00e8ve-des-hopitaux-pour-la-fermeture-des-fronti\u00e8res.jpg 1200w\" sizes=\"auto, (max-width: 583px) 100vw, 583px\" \/><\/figure>\n\n\n\n<h4 class=\"has-text-align-center wp-block-heading\"><strong>Apr\u00e8s la crise du Covid&nbsp;: Arrestation des dirigeants syndicaux et politiques<\/strong><\/h4>\n\n\n\n<p><strong>Avec la gr\u00e8ve g\u00e9n\u00e9rale du 5 ao\u00fbt 2019, et la gr\u00e8ve victorieuse du secteur de la sant\u00e9, on a vu le r\u00f4le essentiel que pouvaient jouer les syndicats dans la lutte pro-d\u00e9mocratie.<\/strong> Face \u00e0 cela, Carrie Lam a fait le choix de la r\u00e9pression&nbsp;: l&rsquo;arrestation des dirigeants syndicaux et politiques  <\/p>\n\n\n\n<p> <strong>Ainsi le 28 f\u00e9vrier 2020, Lee Cheuk Yan est une premi\u00e8re fois arr\u00eat\u00e9. Il est le secr\u00e9taire g\u00e9n\u00e9ral de la Conf\u00e9d\u00e9ration des syndicats de Hong Kong, et le dirigeant du Labour Party.<\/strong><\/p>\n\n\n\n<p>\nLe 18 avril 2020, il est de nouveau arr\u00eat\u00e9, ainsi que 14 dirigeants\ndu mouvement pro-d\u00e9mocratie. Ils ont ensuite \u00e9t\u00e9 lib\u00e9r\u00e9s\nsous-caution. \n<\/p>\n\n\n\n<p>On voit ainsi que la cheffe de l&rsquo;ex\u00e9cutif de Hong Kong a comme politique d&rsquo;harceler les dirigeants, afin d&rsquo;essayer de les d\u00e9moraliser.<\/p>\n\n\n\n<p> Ainsi <strong>\u00ab&nbsp;<em>depuis juin 2019, les autorit\u00e9s ont arr\u00eat\u00e9 pr\u00e8s de 8 000 manifestants, mais n&rsquo;ont poursuivi aucun officier de police soup\u00e7onn\u00e9 d&rsquo;avoir utilis\u00e9 une force excessive.<\/em>&nbsp;\u00bb<\/strong> d\u00e9nonce Human Right Watch.<a href=\"#sdfootnote1sym\"><sup>1<\/sup><\/a><\/p>\n\n\n\n<h4 class=\"has-text-align-center wp-block-heading\"><strong>Une loi anti-s\u00e9dition<\/strong> <strong>pour tenter d&rsquo;en finir avec toute contestation<\/strong><\/h4>\n\n\n\n<p>Le\n21 mai 2020, il\na \u00e9t\u00e9 annonc\u00e9 qu&rsquo;une loi \u00ab&nbsp;anti-s\u00e9dition&nbsp;\u00bb \u00e9tait en\npr\u00e9paration. Aussit\u00f4t, deux manifestations d&rsquo;ampleur ont eu lieu,\nles 24 et 27 mai, alors que les manifestations \u00e9taient interdites,\ndu fait des mesures de \u00a0\u00bblutte contre le covid\u00a0\u00bb.<\/p>\n\n\n\n<p>Le 4 juin, des comm\u00e9morations du massacre de la place de Tiananmen ont eu lieu. Mais en plus des traditionnelles veill\u00e9es aux chandelles de Victoria Park, il y a eu des manifestations dans plus de 10 lieux de la ville.<\/p>\n\n\n\n<p>Ultime\nprovocation&nbsp;: Xi Jinping a choisi de promulguer sa loi\n\u00ab&nbsp;anti-s\u00e9dition&nbsp;\u00bb le mardi 30 juin, pour qu&rsquo;elle soit\nappliqu\u00e9e d\u00e8s le lendemain. Cette date n&rsquo;a pas \u00e9t\u00e9 choisie au\nhasard&nbsp;: le 1<sup>er<\/sup> juillet 1997, Hong Kong \u00e9tait\nr\u00e9troc\u00e9d\u00e9 \u00e0 la Chine.<\/p>\n\n\n\n<p>Cette loi dite de \u00ab&nbsp;s\u00e9curit\u00e9 nationale&nbsp;\u00bb pr\u00e9cise quatre chefs d&rsquo;accusation&nbsp;: \u00ab&nbsp;les activit\u00e9s subversives, la s\u00e9cession, le terrorisme et la collusion avec des forces \u00e9trang\u00e8res&nbsp;\u00bb. Sont ainsi vis\u00e9s le Xinjiang (les Ou\u00efghours), le Tibet, et Hong Kong.<\/p>\n\n\n\n<p><strong>Cette loi permet \u00e0 la police de faire des perquisitions \u00e0 domicile, sans mandat d\u00e9livr\u00e9 par la justice. Le chef de la police peut censurer internet.<\/strong> <\/p>\n\n\n\n<p>En cons\u00e9quence de cette loi, les ouvrages des dirigeants pro-d\u00e9mocratie ont \u00e9t\u00e9 retir\u00e9s des rayonnages des biblioth\u00e8ques et des librairies.<\/p>\n\n\n\n<p>Avec une\nd\u00e9finition extr\u00eamement floue de ce qu&rsquo;est une \u00ab&nbsp;activit\u00e9\nsubversive&nbsp;\u00bb c&rsquo;est tout habitant de Hong Kong qui sera vis\u00e9\npour n&rsquo;importe quel propos ou acte n&rsquo;allant pas dans le sens de Xi\nJinping.<\/p>\n\n\n\n<p>Ainsi, pour l&rsquo;heure, les habitants de Hong Kong vivent les m\u00eames restrictions de libert\u00e9 que dans le reste de la Chine.<\/p>\n\n\n\n<p>Mais en m\u00eame\ntemps, les manifestations restent quotidiennes, comme on l&rsquo;a vu le\n1<sup>er<\/sup> juillet. Ainsi les Hongkongais continuent de se\nmobiliser malgr\u00e9 la chape de plomb qui vient de s&rsquo;abattre.<\/p>\n\n\n\n<div class=\"wp-block-group\"><div class=\"wp-block-group__inner-container is-layout-flow wp-block-group-is-layout-flow\">\n<h2 class=\"wp-block-heading\">Vive la libert\u00e9 de s\u2019organiser et de manifester !<\/h2>\n\n\n\n<h2 class=\"wp-block-heading\"><strong>\u00c0 bas la dictature, vive la d\u00e9mocratie ouvri\u00e8re&nbsp;!<\/strong><\/h2>\n\n\n\n<h2 class=\"wp-block-heading\"><strong>\u00c0 bas la loi de s\u00e9curit\u00e9 nationale&nbsp;! <\/strong><\/h2>\n\n\n\n<figure class=\"wp-block-image size-large\"><img loading=\"lazy\" decoding=\"async\" width=\"960\" height=\"639\" src=\"https:\/\/mci-qi.org\/wp-content\/uploads\/2020\/07\/HK-1er-juillet-2020-2.jpg\" alt=\"HK - 1er juillet 2020\" class=\"wp-image-5508\" srcset=\"https:\/\/mci-qi.org\/wp-content\/uploads\/2020\/07\/HK-1er-juillet-2020-2.jpg 960w, https:\/\/mci-qi.org\/wp-content\/uploads\/2020\/07\/HK-1er-juillet-2020-2-300x200.jpg 300w, https:\/\/mci-qi.org\/wp-content\/uploads\/2020\/07\/HK-1er-juillet-2020-2-768x511.jpg 768w, https:\/\/mci-qi.org\/wp-content\/uploads\/2020\/07\/HK-1er-juillet-2020-2-400x266.jpg 400w\" sizes=\"auto, (max-width: 960px) 100vw, 960px\" \/><figcaption>HK &#8211; 1er juillet 2020<\/figcaption><\/figure>\n<\/div><\/div>\n\n\n\n<hr class=\"wp-block-separator\"\/>\n\n\n\n<hr class=\"wp-block-separator\"\/>\n\n\n\n<h2 class=\"has-text-align-left wp-block-heading\"><strong>Solidarit\u00e9 avec le peuple Ou\u00efghours&nbsp;!<\/strong><\/h2>\n\n\n\n<figure class=\"wp-block-image size-large is-resized\"><img loading=\"lazy\" decoding=\"async\" src=\"https:\/\/mci-qi.org\/wp-content\/uploads\/2020\/07\/carte-ouigours-v5-2cfc1-7228c.jpg\" alt=\"\" class=\"wp-image-5563\" width=\"642\" height=\"413\" srcset=\"https:\/\/mci-qi.org\/wp-content\/uploads\/2020\/07\/carte-ouigours-v5-2cfc1-7228c.jpg 890w, https:\/\/mci-qi.org\/wp-content\/uploads\/2020\/07\/carte-ouigours-v5-2cfc1-7228c-300x193.jpg 300w, https:\/\/mci-qi.org\/wp-content\/uploads\/2020\/07\/carte-ouigours-v5-2cfc1-7228c-768x494.jpg 768w, https:\/\/mci-qi.org\/wp-content\/uploads\/2020\/07\/carte-ouigours-v5-2cfc1-7228c-400x258.jpg 400w\" sizes=\"auto, (max-width: 642px) 100vw, 642px\" \/><figcaption>source Le Monde diplomatique<\/figcaption><\/figure>\n\n\n\n<p>Ce renforcement de\nla mainmise sur Hong Kong s&rsquo;abat \u00e9galement sur les minorit\u00e9s \u00e0\nl&rsquo;int\u00e9rieur de la Chine.<\/p>\n\n\n\n<p>Les Ou\u00efghours vivent sur le territoire au nord-ouest du pays, dans le Xinjiang. Il s&rsquo;agit d&rsquo;une population initialement turcophone et musulmane, qui se bat pour son ind\u00e9pendance depuis plus d&rsquo;un si\u00e8cle.<\/p>\n\n\n\n<p>Apr\u00e8s la chute du mur de Berlin et l&rsquo;implosion de l&rsquo;ex Union sovi\u00e9tique, puis avec le lancement par Xi Jinping du projet des nouvelles \u00ab&nbsp;routes de la soie&nbsp;\u00bb (Belt and Road Initiative, BRI), l\u2019ouverture de l\u2019espace centrasiatique a fait du Xinjiang une carte ma\u00eetresse dans la strat\u00e9gie de projection du capitalisme chinois en Asie. <\/p>\n\n\n\n<p>Frontalier du Pakistan, de l\u2019Afghanistan et des r\u00e9gimes de l\u2019ex-URSS, il abrite un n\u0153ud d\u2019axes de transport ferroviaires, routiers et \u00e9nerg\u00e9tiques sur lesquels P\u00e9kin s\u2019appuie pour garantir ses approvisionnements et rayonner \u00e9conomiquement jusqu\u2019en Europe.<\/p>\n\n\n\n<p><strong>Ces derni\u00e8res ann\u00e9es, au nom de la \u00ab&nbsp;lutte contre l&rsquo;extr\u00e9misme&nbsp;\u00bb, P\u00e9kin a acc\u00e9l\u00e9r\u00e9 sa politique de destruction du peuple Ou\u00efghours&nbsp;: envoi massif de colons de l&rsquo;ethnie Han (majoritaire dans le pays) et de soldats, assassinat des dirigeants politiques et religieux, mise en place de \u00ab&nbsp;camps&nbsp;\u00bb (plus de 500 \u00e0 travers ce territoire&nbsp;!) et st\u00e9rilisation forc\u00e9e des femmes Ou\u00efghours.<\/strong><\/p>\n\n\n\n<p>le Xinjiang est devenu un vaste terrain d\u2019exp\u00e9rimentation des fleurons de la surveillance high-tech et du big data s\u00e9curitaire. Les smartphones peuvent \u00eatre v\u00e9rifi\u00e9s \u00e0 tout moment aux points de contr\u00f4le policiers et aux multiples checkpoints qui jalonnent les routes. <\/p>\n\n\n\n<p>Le vaste syst\u00e8me de vid\u00e9osurveillance avec reconnaissance faciale s\u2019est am\u00e9lior\u00e9. La plupart des Ou\u00efgours ayant d\u00fb rendre leur passeport, les espoirs de ceux qui souhaitaient gagner l\u2019\u00e9tranger se trouvent r\u00e9duits \u00e0 n\u00e9ant.<\/p>\n\n\n\n<p>Comme si les atrocit\u00e9s n&rsquo;\u00e9taient pas suffisantes, les organes de certains prisonniers seraient pr\u00e9lev\u00e9s et vendus \u00e0 des pays musulmans, peu regardant sur les plus \u00e9l\u00e9mentaires \u00ab&nbsp;droits de l&rsquo;homme&nbsp;\u00bb.<\/p>\n\n\n\n<h2 class=\"has-text-align-left wp-block-heading\"><strong>La barbarie doit cesser&nbsp;!<\/strong><\/h2>\n\n\n\n<hr class=\"wp-block-separator\"\/>\n\n\n\n<p><a href=\"#sdfootnote1anc\">1<\/a><a href=\"https:\/\/www.hrw.org\/fr\/news\/2020\/04\/20\/hong-kong-repression-sur-fond-de-covid-19\">https:\/\/www.hrw.org\/fr\/news\/2020\/04\/20\/hong-kong-repression-sur-fond-de-covid-19<\/a><\/p>\n<div style=\"margin-top: 0px; margin-bottom: 0px;\" class=\"sharethis-inline-share-buttons\" ><\/div>","protected":false},"excerpt":{"rendered":"<div class=\"mh-excerpt\"><p>Mercredi 1er juillet 2020, on a vu une violence sans pr\u00e9c\u00e9dent d\u00e9ferler sur les manifestants pro-d\u00e9mocratie de Hong Kong. Plus de 180 personnes ont \u00e9t\u00e9 arr\u00eat\u00e9es par la police. Comment en sommes-nous arriv\u00e9s l\u00e0 ?<\/p>\n<\/div>","protected":false},"author":2,"featured_media":5477,"comment_status":"closed","ping_status":"closed","sticky":false,"template":"","format":"standard","meta":{"footnotes":""},"categories":[44,35,5,19,38,37,7,14,49],"tags":[],"class_list":["post-5475","post","type-post","status-publish","format-standard","has-post-thumbnail","hentry","category-asie","category-campagne-internationale","category-campagnes","category-declarations","category-declarations-du-gsi","category-international-lutte-de-classes","category-internationaliste","category-lutte-de-classes","category-publications"],"_links":{"self":[{"href":"https:\/\/mci-qi.org\/index.php?rest_route=\/wp\/v2\/posts\/5475","targetHints":{"allow":["GET"]}}],"collection":[{"href":"https:\/\/mci-qi.org\/index.php?rest_route=\/wp\/v2\/posts"}],"about":[{"href":"https:\/\/mci-qi.org\/index.php?rest_route=\/wp\/v2\/types\/post"}],"author":[{"embeddable":true,"href":"https:\/\/mci-qi.org\/index.php?rest_route=\/wp\/v2\/users\/2"}],"replies":[{"embeddable":true,"href":"https:\/\/mci-qi.org\/index.php?rest_route=%2Fwp%2Fv2%2Fcomments&post=5475"}],"version-history":[{"count":18,"href":"https:\/\/mci-qi.org\/index.php?rest_route=\/wp\/v2\/posts\/5475\/revisions"}],"predecessor-version":[{"id":7217,"href":"https:\/\/mci-qi.org\/index.php?rest_route=\/wp\/v2\/posts\/5475\/revisions\/7217"}],"wp:featuredmedia":[{"embeddable":true,"href":"https:\/\/mci-qi.org\/index.php?rest_route=\/wp\/v2\/media\/5477"}],"wp:attachment":[{"href":"https:\/\/mci-qi.org\/index.php?rest_route=%2Fwp%2Fv2%2Fmedia&parent=5475"}],"wp:term":[{"taxonomy":"category","embeddable":true,"href":"https:\/\/mci-qi.org\/index.php?rest_route=%2Fwp%2Fv2%2Fcategories&post=5475"},{"taxonomy":"post_tag","embeddable":true,"href":"https:\/\/mci-qi.org\/index.php?rest_route=%2Fwp%2Fv2%2Ftags&post=5475"}],"curies":[{"name":"wp","href":"https:\/\/api.w.org\/{rel}","templated":true}]}}