{"id":6089,"date":"2020-11-24T16:13:03","date_gmt":"2020-11-24T15:13:03","guid":{"rendered":"http:\/\/mci-qi.org\/?p=6089"},"modified":"2021-05-05T14:12:17","modified_gmt":"2021-05-05T13:12:17","slug":"temoignage-d-une-enseignante-en-college-retour-sur-la-greve-du-10-novembre","status":"publish","type":"post","link":"https:\/\/mci-qi.org\/?p=6089","title":{"rendered":"T\u00e9moignage d\u2019 une enseignante en coll\u00e8ge\u00a0: retour sur la Gr\u00e8ve du 10 novembre"},"content":{"rendered":"\n<h5 class=\"wp-block-heading\"><em>L\u2019Internationaliste s\u2019est entretenu avec Alexandra*, enseignante en coll\u00e8ge dans les Yvelines. Elle revient sur les conditions de cette rentr\u00e9e d\u00e9plorable et la gr\u00e8ve qui s\u2019en est suivie.<\/em><\/h5>\n\n\n\n<h5 class=\"wp-block-heading\"><strong><em>L&rsquo;Internationaliste<\/em>&nbsp;: Qu&rsquo;est-ce qui t&rsquo;as d\u00e9cid\u00e9e \u00e0 te mettre en <a href=\"https:\/\/mci-qi.org\/?p=6011\">gr\u00e8ve mardi 10 novembre 2020&nbsp;?<\/a><\/strong><\/h5>\n\n\n\n<p><strong>Alexandra&nbsp;:<\/strong> C&rsquo;est une r\u00e9action imm\u00e9diate face aux conditions intenables de reprise imposant aux enseignants, aux assistants comme aux \u00e9l\u00e8ves des mesures inappropri\u00e9es et absurdes&nbsp;:<\/p>\n\n\n\n<p>&#8211; port d&rsquo;un masque diff\u00e9rent toutes les 4 heures, mais sans en fournir aux familles, et avec retardement aux enseignants, en esp\u00e9rant qu&rsquo;ils ne soient pas toxiques cette fois-ci&nbsp;;<\/p>\n\n\n\n<p>&#8211; espacement des \u00e9l\u00e8ves d&rsquo;un m\u00e8tre \u00ab&nbsp;lorsque cela est possible&nbsp;\u00bb, en sachant pertinemment qu&rsquo;en classe enti\u00e8re, \u00e7a ne l&rsquo;est pas, au vu des effectifs toujours surcharg\u00e9s, et donc faire le choix de laisser les \u00e9l\u00e8ves coude-\u00e0-coude&nbsp;;<\/p>\n\n\n\n<p>&#8211; demande aux parents de prendre la temp\u00e9rature de leurs enfants chaque matin mais emp\u00eacher le coll\u00e8ge de le faire \u00e0 l&rsquo;entr\u00e9e, au cas o\u00f9 un cas serait d\u00e9couvert et mettrait \u00e0 mal l&rsquo;entreprise \u00e9conomique capitaliste \u00e0 sauver.<\/p>\n\n\n\n<p>Le minimum aurait \u00e9t\u00e9 de reporter la reprise scolaire d&rsquo;une semaine afin de garantir, d\u00e8s le retour des \u00e9l\u00e8ves, les conditions sanitaires renforc\u00e9es, au lieu de ne les appliquer qu&rsquo;\u00e0 retardement, une semaine apr\u00e8s avoir bien laiss\u00e9 circuler le virus dans l&rsquo;\u00e9tablissement. N&rsquo;oublions pas que certains \u00e9l\u00e8ves se retrouvent orphelins suite aux d\u00e9g\u00e2ts du covid sur leurs parents.<\/p>\n\n\n\n<h5 class=\"wp-block-heading\"><strong><em>L&rsquo;Internationaliste<\/em>&nbsp;: Jean Castex a os\u00e9 affirmer que les enseignants \u00e9taient particuli\u00e8rement \u00ab&nbsp;choy\u00e9s&nbsp;\u00bb par le gouvernement&#8230;<\/strong><\/h5>\n\n\n\n<p><strong>Alexandra&nbsp;: <\/strong>La bonne blague&nbsp;! Les r\u00e9unions d&rsquo;\u00e9change et de concertation pr\u00e9vues le jour de la rentr\u00e9e par le ministre ont \u00e9t\u00e9 annul\u00e9es&nbsp;! Selon le minist\u00e8re, ni la covid, ni la <a href=\"https:\/\/mci-qi.org\/?p=5882\">mort de Samuel Paty<\/a> ne doivent entraver la soif d&rsquo;instruction de nos jeunes. Instruction susceptible de mener \u00e0 la mort lorsqu&rsquo;elle cherche l&rsquo;\u00e9veil des consciences.<\/p>\n\n\n\n<p>En limitant l&rsquo;hommage \u00e0 notre coll\u00e8gue \u00e0 une minute de silence et une lecture improvis\u00e9e ayant peu de sens pour nos \u00e9l\u00e8ves, le gouvernement nous balance une fois de plus son m\u00e9pris \u00e0 la figure et contribue \u00e0 la banalisation de la barbarie. Ce n&rsquo;est pas une minute que je r\u00e9clame, c&rsquo;est au moins une journ\u00e9e enti\u00e8re de fermeture symbolique des \u00e9tablissements scolaires, en plus de l&rsquo;heure d&rsquo;\u00e9ducation civique pour en expliquer les causes aux \u00e9l\u00e8ves.<\/p>\n\n\n\n<p>Pour le minist\u00e8re, dialoguer, \u00e9duquer \u00e0 la la\u00efcit\u00e9, d\u00e9velopper la pens\u00e9e, celle qui ferait de nos \u00e9l\u00e8ves de futurs citoyens capables de recul critique, d&rsquo;analyse, n&rsquo;est pas prioritaire&nbsp;: il faut d&rsquo;abord faire tourner l&rsquo;enfer, celui qui, \u00e0 la mani\u00e8re de la <em>M\u00e9tropolis<\/em> de Fritz Lang, avale les travailleurs et les broie pour une poign\u00e9e de dollars.<\/p>\n\n\n\n<h5 class=\"wp-block-heading\"><strong><em>L&rsquo;Internationaliste<\/em>&nbsp;: Quelles sont les revendications port\u00e9es par les gr\u00e9vistes de ton coll\u00e8ge&nbsp;?<\/strong><\/h5>\n\n\n\n<p><strong>Alexandra&nbsp;: <\/strong>Enseigner en p\u00e9riode de covid, oui, avec plaisir, mais en demi-classes, avec des masques pour chaque \u00e9l\u00e8ve fournis \u00e0 l&rsquo;entr\u00e9e du coll\u00e8ge.<\/p>\n\n\n\n<p>D&rsquo;autre part, peut-on encore enseigner sereinement suite \u00e0 la d\u00e9capitation terroriste de Samuel, qui a d\u00fb s&rsquo;excuser d&rsquo;avoir offens\u00e9 ses \u00e9l\u00e8ves en essayant de pr\u00e9server leur sensibilit\u00e9 tout en d\u00e9fendant la libert\u00e9 d&rsquo;expression&nbsp;? \u00c9tait-ce l\u00e0 la meilleur mani\u00e8re de le prot\u00e9ger&nbsp;? Peut-on encore faire confiance \u00e0 notre hi\u00e9rarchie&nbsp;?<\/p>\n\n\n\n<p>Voil\u00e0 un aper\u00e7u des nombreuses raisons, non exhaustives, qui m&rsquo;ont pouss\u00e9e \u00e0 faire gr\u00e8ve et \u00e0 entra\u00eener mes coll\u00e8gues, principalement des jeunes non-syndiqu\u00e9s, eux aussi r\u00e9volt\u00e9s par cette situation morbide.<\/p>\n\n\n\n<p>Je souhaites, de plus, soutenir la d\u00e9marche de tous ceux qui ont exerc\u00e9 leur droit de retrait ou de gr\u00e8ve tout au long de la semaine de la rentr\u00e9e, et gr\u00e2ce \u00e0 la mobilisation desquels les lyc\u00e9es ont pu obtenir des demi-groupes et <a href=\"https:\/\/mci-qi.org\/?p=4375\">l&rsquo;annulation des E3C.<\/a><\/p>\n\n\n\n<p>*Le nom a \u00e9t\u00e9 modifi\u00e9 \u00e0 sa demande<\/p>\n<div style=\"margin-top: 0px; margin-bottom: 0px;\" class=\"sharethis-inline-share-buttons\" ><\/div>","protected":false},"excerpt":{"rendered":"<div class=\"mh-excerpt\"><p>L\u2019Internationaliste s\u2019est entretenu avec Alexandra*, enseignante en coll\u00e8ge dans les Yvelines. Elle revient sur les conditions de cette rentr\u00e9e d\u00e9plorable et la gr\u00e8ve qui s\u2019en est suivie.<\/p>\n<\/div>","protected":false},"author":2,"featured_media":6092,"comment_status":"closed","ping_status":"closed","sticky":false,"template":"","format":"standard","meta":{"footnotes":""},"categories":[34,5,16,7,17,48,14,36,15],"tags":[],"class_list":["post-6089","post","type-post","status-publish","format-standard","has-post-thumbnail","hentry","category-campagne-nationale","category-campagnes","category-enseignement","category-internationaliste","category-jeunesse","category-laicite","category-lutte-de-classes","category-national","category-syndicalisme"],"_links":{"self":[{"href":"https:\/\/mci-qi.org\/index.php?rest_route=\/wp\/v2\/posts\/6089","targetHints":{"allow":["GET"]}}],"collection":[{"href":"https:\/\/mci-qi.org\/index.php?rest_route=\/wp\/v2\/posts"}],"about":[{"href":"https:\/\/mci-qi.org\/index.php?rest_route=\/wp\/v2\/types\/post"}],"author":[{"embeddable":true,"href":"https:\/\/mci-qi.org\/index.php?rest_route=\/wp\/v2\/users\/2"}],"replies":[{"embeddable":true,"href":"https:\/\/mci-qi.org\/index.php?rest_route=%2Fwp%2Fv2%2Fcomments&post=6089"}],"version-history":[{"count":6,"href":"https:\/\/mci-qi.org\/index.php?rest_route=\/wp\/v2\/posts\/6089\/revisions"}],"predecessor-version":[{"id":6097,"href":"https:\/\/mci-qi.org\/index.php?rest_route=\/wp\/v2\/posts\/6089\/revisions\/6097"}],"wp:featuredmedia":[{"embeddable":true,"href":"https:\/\/mci-qi.org\/index.php?rest_route=\/wp\/v2\/media\/6092"}],"wp:attachment":[{"href":"https:\/\/mci-qi.org\/index.php?rest_route=%2Fwp%2Fv2%2Fmedia&parent=6089"}],"wp:term":[{"taxonomy":"category","embeddable":true,"href":"https:\/\/mci-qi.org\/index.php?rest_route=%2Fwp%2Fv2%2Fcategories&post=6089"},{"taxonomy":"post_tag","embeddable":true,"href":"https:\/\/mci-qi.org\/index.php?rest_route=%2Fwp%2Fv2%2Ftags&post=6089"}],"curies":[{"name":"wp","href":"https:\/\/api.w.org\/{rel}","templated":true}]}}