{"id":6834,"date":"2021-06-18T20:25:12","date_gmt":"2021-06-18T19:25:12","guid":{"rendered":"http:\/\/mci-qi.org\/?p=6834"},"modified":"2022-10-17T19:37:05","modified_gmt":"2022-10-17T18:37:05","slug":"elections-regionales-et-departementales-2021-abstention-et-mobilisation","status":"publish","type":"post","link":"https:\/\/mci-qi.org\/?p=6834","title":{"rendered":"\u00c9lections r\u00e9gionales et d\u00e9partementales 2021\u00a0: Abstention et mobilisation\u00a0!"},"content":{"rendered":"\n<h2 class=\"wp-block-heading\">D\u00e9claration du MCI<\/h2>\n\n\n\n<p><strong>Paris le 3 juin 2021<\/strong><\/p>\n\n\n\n<p>Les 20 et 27 juin prochain, les \u00e9lecteurs sont appel\u00e9s aux urnes dans le cadre des \u00e9lections r\u00e9gionales et d\u00e9partementales. Le scrutin et la campagne \u00e9lectorale s\u2019inscrivent dans un contexte d\u2019approfondissement inou\u00ef de la crise des institutions de la V<sup>e<\/sup> R\u00e9publique et des partis institutionnels, acc\u00e9l\u00e9r\u00e9e par la pand\u00e9mie de Covid-19.<\/p>\n\n\n\n<p>Ces \u00e9lections sont aussi encadr\u00e9es par une nouvelle pouss\u00e9e de la lutte des classes, avec une multiplication des gr\u00e8ves et mobilisations sociales qui se heurtent au refus des directions bureaucratiques d\u2019unifier et de centraliser ces mobilisations. Face \u00e0 un tel sc\u00e9nario la question est de savoir quelle attitude adopter pour les travailleurs, les jeunes et les militants r\u00e9volutionnaires.<\/p>\n\n\n\n<h2 class=\"wp-block-heading\"><strong>La crise des institutions <\/strong><strong>et les r\u00e9gions<\/strong><\/h2>\n\n\n\n<p>Comme nous l\u2019avons d\u00e9j\u00e0 mentionn\u00e9, ce gouvernement est archi-minoritaire et ill\u00e9gitime et il n\u2019est arriv\u00e9 au pouvoir et s\u2019y maintient que gr\u00e2ce \u00e0 la nature anti-d\u00e9mocratique et semi-bonapartiste de la V<sup>e<\/sup> R\u00e9publique. Il est pourtant massivement rejet\u00e9 par les travailleurs et les jeunes.<\/p>\n\n\n\n<p>Cela n\u2019emp\u00eache pas le gouvernement de poursuivre son entreprise de d\u00e9molition syst\u00e9matique des libert\u00e9s d\u00e9mocratiques, des services publics et des droits et acquis des travailleurs, notamment en s\u2019appuyant sur un renforcement des fonctions r\u00e9galiennes de l\u2019\u00c9tat&nbsp;: r\u00e9pression, privation de libert\u00e9, censure etc. On peut m\u00eame dire que le gouvernement cherche r\u00e9ellement \u00e0 fracturer les travailleurs sur toutes les mesures qu\u2019il prend.<\/p>\n\n\n\n<p>Il faut donc rappeler que les \u00e9lections des 20 et 27 juin consistent \u00e0 \u00e9lire des conseillers r\u00e9gionaux et d\u00e9partementaux qui ont pour fonction de mettre en place les politiques de privatisation rendues possibles par le triptyque Union europ\u00e9enne, d\u00e9centralisation, mise en place des r\u00e9gions.<\/p>\n\n\n\n<p>En France, les diverses lois de d\u00e9centralisation depuis 1982 ont permis le d\u00e9sengagement financier de l\u2019\u00c9tat, dans des services publics mis en concurrence notamment dans le domaine des transports, de l\u2019\u00e9ducation et de la sant\u00e9. De plus, les directives europ\u00e9ennes utilisent les r\u00e9gions comme un maillon essentiel de la mise en place de la \u00ab&nbsp;concurrence libre et non fauss\u00e9e&nbsp;\u00bb.<\/p>\n\n\n\n<p>En effet, rappelons que la tr\u00e8s chr\u00e9tienne Union Europ\u00e9enne, s\u2019appuie sur le tr\u00e8s chr\u00e9tien principe de subsidiarit\u00e9 pour justifier le transfert des comp\u00e9tences des \u00c9tats \u00e0 l\u2019\u00e9chelon r\u00e9gional, tout cela pour d\u00e9truire tout ce que les travailleurs ont pu arracher au capital.<\/p>\n\n\n\n<p>Dans le cadre de la pand\u00e9mie le r\u00e9sultat de ces politiques a \u00e9t\u00e9 r\u00e9v\u00e9l\u00e9 de mani\u00e8re particuli\u00e8rement cruelle&nbsp;: dans le domaine de la sant\u00e9, les Agences R\u00e9gionales de la Sant\u00e9 (ARS) portent une tr\u00e8s lourde responsabilit\u00e9 dans la gestion criminelle de la pand\u00e9mie, car ce sont ces m\u00eames agences qui ont ferm\u00e9 des dizaines de milliers de lits hospitaliers, des centaines de services et qui ont favoris\u00e9 les cliniques priv\u00e9es au d\u00e9triment des h\u00f4pitaux publics.<\/p>\n\n\n\n<p>De plus, on a vu s\u2019appliquer concr\u00e8tement ce que nous d\u00e9non\u00e7ons depuis des dizaines d\u2019ann\u00e9es, \u00e0 savoir que la r\u00e9gionalisation d\u00e9bouche sur l\u2019in\u00e9galit\u00e9 entre les r\u00e9gions pauvres et les r\u00e9gions riches et cela ind\u00e9pendamment de la couleur politique du pr\u00e9sident de r\u00e9gion.<\/p>\n\n\n\n<p>Toute politique \u00ab&nbsp;sociale&nbsp;\u00bb dans le cadre des r\u00e9gions est donc impossible et vou\u00e9e \u00e0 l\u2019\u00e9chec. Pr\u00e9tendre que l\u2019on peut am\u00e9liorer le sort des travailleurs dans le cadre des r\u00e9gions et des d\u00e9partements, c\u2019est donc mentir aux travailleurs et aux jeunes. Tout au mieux, est-il possible de g\u00e9rer la p\u00e9nurie capitaliste.<\/p>\n\n\n\n<h2 class=\"wp-block-heading\"><strong>La crise des partis<\/strong><\/h2>\n\n\n\n<p>L\u2019autre aspect central de la signification de ces \u00e9lections est qu\u2019elles r\u00e9v\u00e8lent l\u2019acc\u00e9l\u00e9ration de la crise profonde des partis institutionnels de l\u2019extr\u00eame-droite \u00e0 l\u2019extr\u00eame-gauche. Au moins peut-on reconna\u00eetre aux organisations d\u2019\u00eatre d\u2019accord sur un point&nbsp;: ces \u00e9lections sont une r\u00e9p\u00e9tition pour l\u2019\u00e9lection pr\u00e9sidentielle de 2022.<\/p>\n\n\n\n<p>Cela revient \u00e0 sauvegarder co\u00fbte que co\u00fbte les institutions pourrissantes de la V<sup>e<\/sup> R\u00e9publique, et \u00e0 boucher tout issue politique qui permettrait la satisfaction des justes aspirations d\u00e9mocratiques et sociales des travailleurs et des jeunes.<\/p>\n\n\n\n<p>Que cela vienne des partis de gouvernement (PS, LREM, LR etc) n\u2019a rien d\u2019\u00e9tonnant. Pour eux, il faut sauver le capitalisme, l\u2019imp\u00e9rialisme et ses institutions. Ils ont beau jeu d\u2019affirmer que le RN est <em>le<\/em> probl\u00e8me et <em>le <\/em>danger, quand en r\u00e9alit\u00e9 sur beaucoup de points, ils m\u00e8nent d\u00e9j\u00e0 des pans entier de sa politique&nbsp;: anti-ouvri\u00e8re, anti-d\u00e9mocratique, raciste, etc.<\/p>\n\n\n\n<p>D\u2019autant que Macron, LREM et le RN cherchent \u00e0 ramener, \u00e0 restreindre tout d\u00e9bat au \u00ab&nbsp;choix&nbsp;\u00bb entre Macron et Le Pen&nbsp;!<\/p>\n\n\n\n<p>Ce \u00e0 quoi l\u2019on assiste actuellement, c\u2019est \u00e0 une r\u00e9elle radicalisation de la bourgeoisie et de sa repr\u00e9sentation politique, mais \u00e9galement \u00e0 une crise terrible de cette m\u00eame repr\u00e9sentation politique. La valse des \u00e9tiquettes ne dit pas autre chose.<\/p>\n\n\n\n<p>Les partis de la \u00ab\u00a0gauche\u00a0\u00bb du spectre politique, qui pr\u00e9tendent repr\u00e9senter les int\u00e9r\u00eats des jeunes et des travailleurs, n\u2019\u00e9chappent pas \u00e0 cette crise. Et au fur et \u00e0 mesure que leur crise s\u2019approfondit, ils se lancent dans une course effr\u00e9n\u00e9e \u00e0 l\u2019opportunisme politique.<\/p>\n\n\n\n<p>On peut d\u2019ailleurs se demander quel est le sens des candidatures, \u00e0 g\u00e9om\u00e9trie variable, des organisations LFI, NPA, LO, PCF\u2026 Sur quelles bases programmatiques se sont-ils alli\u00e9s&nbsp;? Dans certaines r\u00e9gions, il y a des alliances avec des partis bourgeois tels que le PS ou EELV, dans quel but&nbsp;? Dans les Pays de la Loire, il y a m\u00eame un accord avec l\u2019ex-macroniste Matthieu Orphelin&nbsp;!!!<\/p>\n\n\n\n<p>Rendons n\u00e9anmoins justice \u00e0 ses organisations&nbsp;: LFI et le NPA, notamment, n\u2019ont jamais pr\u00e9tendu rompre avec le capitalisme et se battre pour la collectivisation des moyens de productions et d\u2019\u00e9change. Ils se sont toujours pr\u00e9sent\u00e9s comme des organisations \u00e9lectoralistes, au nom du principe de la \u00ab&nbsp;d\u00e9mocratie jusqu\u2019au bout&nbsp;\u00bb\u2026 sans remettre en cause le capitalisme.<\/p>\n\n\n\n<p>Il faut tout m\u00eame mentionner que ces organisations ne se placent m\u00eame pas sur un terrain de \u00ab&nbsp;r\u00e9formisme cons\u00e9quent&nbsp;\u00bb (au sens historique du terme, c\u2019est-\u00e0-dire, le courant politique qui pr\u00e9tendait se placer dans la perspective du d\u00e9passement du capitalisme par le biais de r\u00e9formes progressives, tout en respectant le jeu parlementaire).<\/p>\n\n\n\n<p>Dans le cadre de ces \u00e9lections, ils poussent la logique du cr\u00e9tinisme parlementaire et de l\u2019opportunisme politique \u00e0 son maximum. Tout \u00e7a pour obtenir quelques postes. C\u2019est r\u00e9ellement la course \u00e0 la gamelle pour les quelques \u00e9lus potentiels.<\/p>\n\n\n\n<p>Que dire aussi de ces \u00e9lus PCF qui se repr\u00e9sentent en effa\u00e7ant, en reniant, toute affiliation au PCF, parfois m\u00eame sur des listes sp\u00e9cifiques oppos\u00e9es \u00e0 celles soutenues par leur parti d\u2019origine&nbsp;?<\/p>\n\n\n\n<p>Les travailleurs et les jeunes ne sont d\u2019ailleurs pas dupes&nbsp;: car une fois encore l\u2019abstention consciente politiquement sera massive. En effet, il y a r\u00e9el d\u00e9sint\u00e9r\u00eat pour ces scrutins.<\/p>\n\n\n\n<h2 class=\"wp-block-heading\"><strong>S\u2019appuyer <\/strong><strong>sur <\/strong><strong>les gr\u00e8ves et les mobilisations<\/strong><\/h2>\n\n\n\n<p>Le fait primordial qui encadre ces \u00e9lections, c\u2019est que l\u2019on assiste actuellement \u00e0 une nouvelle mont\u00e9e de la lutte des classes. Le puissant mouvement de la classe ouvri\u00e8re et de la jeunesse qui s\u2019est mis en place en 2018, 2019 (Gilets Jaunes, mouvement contre la r\u00e9forme des retraites) a \u00e9t\u00e9 momentan\u00e9ment interrompu par l\u2019\u00c9tat d\u2019urgence sanitaire.<\/p>\n\n\n\n<p>Depuis quelques mois, on assiste \u00e0 nouveau \u00e0 une multiplication des gr\u00e8ves et des mobilisations, aussi bien sur le terrain social et \u00e9conomique que sur le terrain politique. Ceci est d\u2019autant plus remarquable que les directions syndicales et politique travaillent \u00e0 boucher toute perspective de mobilisation unie des travailleurs et des jeunes.<\/p>\n\n\n\n<p>Dans les derni\u00e8res semaines les gr\u00e8ves se sont multipli\u00e9es dans les transports, dans les services publics, dans la sant\u00e9, dans l\u2019industrie pour s\u2019opposer aux attaques mises en place par le gouvernement et ses alli\u00e9s. Sur le plan politique, les mobilisations s\u2019amplifient aussi contre les violences polici\u00e8res ou \u00e0 l\u2019occasion de l\u2019agression sioniste contre la Palestine. Les travailleurs et les jeunes \u00e9taient tr\u00e8s nombreux \u00e0 d\u00e9filer dans les rues<\/p>\n\n\n\n<p><strong>Aussi, la position du MCI par rapport \u00e0 ces \u00e9lections et \u00e0 la situation politique actuelle est sans ambigu\u00eft\u00e9\u00a0: les travailleurs et les jeunes n\u2019ont rien \u00e0 gagner dans ces \u00e9lections et nous appelons \u00e0 l\u2019abstention active. <\/strong>Nous ne faisons pas pour autant de cette position un point de division avec les travailleurs qui pourraient penser que, tactiquement, il y a quelque chose \u00e0 gagner dans ce scrutin, ou que l\u2019on peut \u00e9viter le \u00ab\u00a0pire\u00a0\u00bb. Ce qui est clair, en tout cas, c&rsquo;est que la voix d\u2019un travailleur ne peut pas aller \u00e0 un parti bourgeois.<\/p>\n\n\n\n<p>En dernier recours, notre classe doit s\u2019appuyer sur les mobilisations en cours et \u00e0 venir, ne pas attendre 2022 pour d\u00e9faire Macron sur le terrain \u00e9lectoral, mais le d\u00e9faire dans les luttes en travaillant tous ensemble \u00e0 la mobilisation et \u00e0 la centralisation des luttes des travailleurs et des jeunes.<\/p>\n\n\n\n<p>C\u2019est par ce moyen qu\u2019on peut \u0153uvrer \u00e0 ouvrir la perspective politique qui manque tant aux travailleurs, militants et jeunes.<\/p>\n\n\n\n<h3 class=\"wp-block-heading\">Toutes les conditions sont r\u00e9unies pour aller vers la gr\u00e8ve g\u00e9n\u00e9rale, aussi faut-il la construire, centraliser les mobilisations. <\/h3>\n\n\n\n<h3 class=\"wp-block-heading\"><strong>Cela ouvrirait la possibilit\u00e9 \u00e0 un gouvernement par et pour les travailleurs, issu des mobilisations. C\u2019est cela la vraie alternative \u00e0 Macron et sa politique.<\/strong><\/h3>\n<div style=\"margin-top: 0px; margin-bottom: 0px;\" class=\"sharethis-inline-share-buttons\" ><\/div>","protected":false},"excerpt":{"rendered":"<div class=\"mh-excerpt\"><p>Pr\u00e9tendre que l\u2019on peut am\u00e9liorer le sort des travailleurs dans le cadre des r\u00e9gions et des d\u00e9partements, c\u2019est  mentir aux travailleurs et aux jeunes. <\/p>\n<\/div>","protected":false},"author":2,"featured_media":6852,"comment_status":"closed","ping_status":"closed","sticky":false,"template":"","format":"standard","meta":{"footnotes":""},"categories":[34,5,19,38,33,10,7,14,36,15],"tags":[],"class_list":["post-6834","post","type-post","status-publish","format-standard","has-post-thumbnail","hentry","category-campagne-nationale","category-campagnes","category-declarations","category-declarations-du-gsi","category-documents-du-gsi","category-europe","category-internationaliste","category-lutte-de-classes","category-national","category-syndicalisme"],"_links":{"self":[{"href":"https:\/\/mci-qi.org\/index.php?rest_route=\/wp\/v2\/posts\/6834","targetHints":{"allow":["GET"]}}],"collection":[{"href":"https:\/\/mci-qi.org\/index.php?rest_route=\/wp\/v2\/posts"}],"about":[{"href":"https:\/\/mci-qi.org\/index.php?rest_route=\/wp\/v2\/types\/post"}],"author":[{"embeddable":true,"href":"https:\/\/mci-qi.org\/index.php?rest_route=\/wp\/v2\/users\/2"}],"replies":[{"embeddable":true,"href":"https:\/\/mci-qi.org\/index.php?rest_route=%2Fwp%2Fv2%2Fcomments&post=6834"}],"version-history":[{"count":8,"href":"https:\/\/mci-qi.org\/index.php?rest_route=\/wp\/v2\/posts\/6834\/revisions"}],"predecessor-version":[{"id":6859,"href":"https:\/\/mci-qi.org\/index.php?rest_route=\/wp\/v2\/posts\/6834\/revisions\/6859"}],"wp:featuredmedia":[{"embeddable":true,"href":"https:\/\/mci-qi.org\/index.php?rest_route=\/wp\/v2\/media\/6852"}],"wp:attachment":[{"href":"https:\/\/mci-qi.org\/index.php?rest_route=%2Fwp%2Fv2%2Fmedia&parent=6834"}],"wp:term":[{"taxonomy":"category","embeddable":true,"href":"https:\/\/mci-qi.org\/index.php?rest_route=%2Fwp%2Fv2%2Fcategories&post=6834"},{"taxonomy":"post_tag","embeddable":true,"href":"https:\/\/mci-qi.org\/index.php?rest_route=%2Fwp%2Fv2%2Ftags&post=6834"}],"curies":[{"name":"wp","href":"https:\/\/api.w.org\/{rel}","templated":true}]}}