{"id":8006,"date":"2022-11-15T23:46:23","date_gmt":"2022-11-15T22:46:23","guid":{"rendered":"https:\/\/mci-qi.org\/?p=8006"},"modified":"2023-05-10T16:23:54","modified_gmt":"2023-05-10T15:23:54","slug":"la-destruction-de-lenseignement-professionnel-une-attaque-sans-precedant-contre-la-jeunesse-et-le-proletariat","status":"publish","type":"post","link":"https:\/\/mci-qi.org\/?p=8006","title":{"rendered":"La destruction de l\u2019enseignement professionnel, une attaque sans pr\u00e9c\u00e9dent contre la jeunesse et le prol\u00e9tariat\u00a0!"},"content":{"rendered":"\n<h1 class=\"wp-block-heading\"><em>D\u00e9claration du MCI-QI<\/em><\/h1>\n\n\n\n<p>Le 25 ao\u00fbt dernier, E. Macron, a annonc\u00e9 qu\u2019il voulait op\u00e9rer une \u00ab&nbsp;transformation&nbsp;\u00bb de l\u2019enseignement professionnel. Cela signifie que les \u00e9l\u00e8ves de l\u2019enseignement professionnel et les personnels des lyc\u00e9es professionnels peuvent craindre le pire.<\/p>\n\n\n\n<p>D\u00e8s la nomination du gouvernement en juin dernier, le ton avait \u00e9t\u00e9 donn\u00e9&nbsp;: l\u2019enseignement professionnel a \u00e9t\u00e9 plac\u00e9 sous la double tutelle du minist\u00e8re de l\u2019Education nationale mais aussi du minist\u00e8re du travail.<\/p>\n\n\n\n<p>Cela signifie que les jeunes qui suivent l\u2019enseignement professionnel sont plac\u00e9s \u00e0 la merci de la volont\u00e9 des entreprises et des patrons.<\/p>\n\n\n\n<p>A l\u2019heure actuelle, le contenu pr\u00e9cis de cette \u00ab&nbsp;r\u00e9forme&nbsp;\u00bb n\u2019a pas encore \u00e9t\u00e9 d\u00e9taill\u00e9, mais la logique est d\u00e9j\u00e0 visible. Les contre-r\u00e9formes pr\u00e9c\u00e9dentes ont d\u00e9j\u00e0 \u00e9norm\u00e9ment r\u00e9duit les enseignements ( passage du bac professionnel de 4 \u00e0 3 ans, r\u00e9duction des enseignements g\u00e9n\u00e9raux&#8230;).<\/p>\n\n\n\n<p><strong>\u00c0 Paris, \u00e0 la rentr\u00e9e 2023, la r\u00e9gion pr\u00e9voit d\u00e9j\u00e0 de fermer les lyc\u00e9es G. Brassens, A. Carrel, S. Valadon, Brassa\u00ef, Ch. De Gaulle et les sites Charenton du lyc\u00e9e T. Gauthier et Friant du lyc\u00e9e L. de Nehou. \u00c0 la rentr\u00e9e 2024 suivraient les lyc\u00e9es J. Monod et F. Rabelais\u2026<\/strong> <strong>Au total pas moins de 9 lyc\u00e9es professionnels&nbsp;!<\/strong><\/p>\n\n\n\n<p>Cette nouvelle contre-r\u00e9forme voulue par Macron-Ndiaye et le Patronat vise bien \u00e0 liquider l\u2019enseignement professionnel public.<\/p>\n\n\n\n<p>En augmentant fortement le temps de stage en entreprise au d\u00e9triment des enseignements g\u00e9n\u00e9raux et en atelier dans les lyc\u00e9es, il s\u2019agit de mettre la formation professionnelle des plus jeunes enti\u00e8rement entre les mains des patrons&nbsp;: cela signifie l\u2019augmentation du travail des enfants de moins de 16 ans et la d\u00e9r\u00e9glementation g\u00e9n\u00e9ralis\u00e9e des conditions de travail pour les plus jeunes et pour l\u2019ensemble des travailleurs.<\/p>\n\n\n\n<p><strong>Sous couvert de formation en entreprise, le gouvernement va livrer au patronat une main d&rsquo;\u0153uvre jeune, en bonne sant\u00e9, et bon march\u00e9, dans les \u00ab\u00a0secteurs en tensions\u00a0\u00bb. Ce qui va tirer les salaires et les conditions de travail encore plus vers le bas.<\/strong><\/p>\n\n\n\n<p><strong>Un dispositif qui avec la contre r\u00e9formes du ch\u00f4mage veut assurer au patronat une main d\u2019 oeuvre corv\u00e9able \u00e0 merci, avec des conditions de travail et des salaires indignes. Marx parlait d\u2019une \u00ab&nbsp;arm\u00e9e de r\u00e9serve&nbsp;\u00bb&#8230;esclave du patronat&nbsp;!<\/strong><\/p>\n\n\n\n<p>La double tutelle minist\u00e9rielles de l\u2019enseignement professionnel ouvre \u00e9galement la voie \u00e0 la remise en cause des statuts des PLP. Des milliers d\u2019enseignants de l\u2019\u00e9ducation nationale risquent aussi de voir leur statut remis en cause.<\/p>\n\n\n\n<p>Ajoutons \u00e0 cela que ces derni\u00e8res ann\u00e9es, les contre-r\u00e9formes de l\u2019enseignement professionnel servent de laboratoire pour la destruction de l\u2019enseignement public.<\/p>\n\n\n\n<p>La contre-r\u00e9forme actuelle, d\u2019une violence inou\u00efe, annonce ce qui va toucher l\u2019ensemble de l\u2019\u00e9ducation nationale, aussi bien les \u00e9l\u00e8ves que les personnels.<\/p>\n\n\n\n<h3 class=\"wp-block-heading\">Face \u00e0 cette attaque sans pr\u00e9c\u00e9dent, il est de la responsabilit\u00e9 de l\u2019ensemble des directions syndicales conf\u00e9d\u00e9rales et f\u00e9d\u00e9rales de rompre toutes les discussions avec le gouvernement , et de se mettre en mouvement imm\u00e9diatement pour&nbsp;la gr\u00e9ve g\u00e9n\u00e9rale&nbsp;!<\/h3>\n\n\n\n<h1 class=\"wp-block-heading\">Pour le retrait de la contre-r\u00e9forme de l\u2019enseignement professionnel&nbsp;!<\/h1>\n\n\n\n<h1 class=\"wp-block-heading\">Pour le retrait de la contre r\u00e9forme du ch\u00f4mage&nbsp;!<\/h1>\n<div style=\"margin-top: 0px; margin-bottom: 0px;\" class=\"sharethis-inline-share-buttons\" ><\/div>","protected":false},"excerpt":{"rendered":"<div class=\"mh-excerpt\"><p>Un dispositif qui avec la contre r\u00e9formes du ch\u00f4mage veut assurer au patronat une main d\u2019 oeuvre corv\u00e9able \u00e0 merci&#8230;<\/p>\n<\/div>","protected":false},"author":2,"featured_media":8008,"comment_status":"closed","ping_status":"closed","sticky":false,"template":"","format":"standard","meta":{"footnotes":""},"categories":[34,5,19,38,16,7,17,48,14,36,49,15],"tags":[],"class_list":["post-8006","post","type-post","status-publish","format-standard","has-post-thumbnail","hentry","category-campagne-nationale","category-campagnes","category-declarations","category-declarations-du-gsi","category-enseignement","category-internationaliste","category-jeunesse","category-laicite","category-lutte-de-classes","category-national","category-publications","category-syndicalisme"],"_links":{"self":[{"href":"https:\/\/mci-qi.org\/index.php?rest_route=\/wp\/v2\/posts\/8006","targetHints":{"allow":["GET"]}}],"collection":[{"href":"https:\/\/mci-qi.org\/index.php?rest_route=\/wp\/v2\/posts"}],"about":[{"href":"https:\/\/mci-qi.org\/index.php?rest_route=\/wp\/v2\/types\/post"}],"author":[{"embeddable":true,"href":"https:\/\/mci-qi.org\/index.php?rest_route=\/wp\/v2\/users\/2"}],"replies":[{"embeddable":true,"href":"https:\/\/mci-qi.org\/index.php?rest_route=%2Fwp%2Fv2%2Fcomments&post=8006"}],"version-history":[{"count":5,"href":"https:\/\/mci-qi.org\/index.php?rest_route=\/wp\/v2\/posts\/8006\/revisions"}],"predecessor-version":[{"id":8256,"href":"https:\/\/mci-qi.org\/index.php?rest_route=\/wp\/v2\/posts\/8006\/revisions\/8256"}],"wp:featuredmedia":[{"embeddable":true,"href":"https:\/\/mci-qi.org\/index.php?rest_route=\/wp\/v2\/media\/8008"}],"wp:attachment":[{"href":"https:\/\/mci-qi.org\/index.php?rest_route=%2Fwp%2Fv2%2Fmedia&parent=8006"}],"wp:term":[{"taxonomy":"category","embeddable":true,"href":"https:\/\/mci-qi.org\/index.php?rest_route=%2Fwp%2Fv2%2Fcategories&post=8006"},{"taxonomy":"post_tag","embeddable":true,"href":"https:\/\/mci-qi.org\/index.php?rest_route=%2Fwp%2Fv2%2Ftags&post=8006"}],"curies":[{"name":"wp","href":"https:\/\/api.w.org\/{rel}","templated":true}]}}