{"id":8065,"date":"2023-01-17T13:45:00","date_gmt":"2023-01-17T12:45:00","guid":{"rendered":"https:\/\/mci-qi.org\/?p=8065"},"modified":"2023-05-10T16:27:35","modified_gmt":"2023-05-10T15:27:35","slug":"sixieme-contre-reforme-des-retraites-greve-generale-jusquau-retrait","status":"publish","type":"post","link":"https:\/\/mci-qi.org\/?p=8065","title":{"rendered":"Sixi\u00e8me contre-r\u00e9forme des retraites\u00a0: gr\u00e8ve g\u00e9n\u00e9rale jusqu\u2019au retrait !"},"content":{"rendered":"\n<p>Pour la sixi\u00e8me fois en trente ans, un gouvernement engage une contre-r\u00e9forme des retraites. Pour la sixi\u00e8me fois les m\u00eames pr\u00e9textes sont invoqu\u00e9s, pour la sixi\u00e8me fois les m\u00eames mensonges sont prof\u00e9r\u00e9s.<\/p>\n\n\n\n<h2 class=\"wp-block-heading\"><strong>Chaque contre-r\u00e9forme a \u00e9t\u00e9 pr\u00e9sent\u00e9e comme la derni\u00e8re chance de sauver le syst\u00e8me de retraites par r\u00e9partition&#8230;<\/strong><\/h2>\n\n\n\n<p>\u00c0 l\u2019exception de celle de 1993, chaque contre-r\u00e9forme a \u00e9t\u00e9 men\u00e9e sur la base d\u2019un rapport du COR (Conseil d\u2019orientation des retraites, cr\u00e9\u00e9 en 2000) qui annon\u00e7ait une catastrophe entre les dix \u00e0 quarante ans \u00e0 venir.<\/p>\n\n\n\n<p>Chaque contre-r\u00e9forme a \u00e9t\u00e9 men\u00e9e sur des donn\u00e9es et crit\u00e8res pour le moins contestables&nbsp;:<\/p>\n\n\n\n<p>&#8211; Donn\u00e9es d\u00e9mographiques biais\u00e9es ne tenant jamais compte de la hausse du taux de mortalit\u00e9, comme si les retrait\u00e9s de la g\u00e9n\u00e9ration du \u00ab&nbsp;baby boom&nbsp;\u00bb \u00e9taient immortels et comme si un ouvrier du b\u00e2timent \u00e9tait l\u2019\u00e9gal d\u2019un avocat d\u2019affaire.<\/p>\n\n\n\n<p>&#8211; Donn\u00e9es \u00e9conomiques volontairement catastrophistes prolongeant sur 20, voire 40 ans, une baisse qui n\u2019est que conjoncturelle du PIB.<\/p>\n\n\n\n<p><strong>\u00c0 chaque fois, on trouve les m\u00eames ingr\u00e9dients&nbsp;: <\/strong>recul de l\u2019\u00e2ge de d\u00e9part, allongement de la dur\u00e9e de cotisation et harmonisation europ\u00e9enne.<\/p>\n\n\n\n<p><strong>\u00c0 chaque fois, on trouve les m\u00eames dogmes <\/strong><strong>gouvernementaux&nbsp;: <\/strong>ne pas mettre \u00e0 contribution les \u00ab&nbsp;entreprises&nbsp;\u00bb, leurs dirigeants, leurs actionnaires.<\/p>\n\n\n\n<p>Augmenter les salaires&nbsp;? Aligner le salaire des femmes sur celui des hommes&nbsp;? Relever le taux des cotisations sociales&nbsp;? Combattre la pr\u00e9carit\u00e9&nbsp;? Mais vous n\u2019y pensez pas&nbsp;!<\/p>\n\n\n\n<p>C\u2019est pourquoi, ce gouvernement, comme ses pr\u00e9d\u00e9cesseurs, glose \u00e0 l\u2019infini sur \u00ab&nbsp;l\u2019\u00e9quit\u00e9&nbsp;\u00bb et la justice. Ces dogmes gouvernementaux se sont toujours traduits par un nivellement vers le bas des pensions et une d\u00e9gradation des carri\u00e8res professionnelles.<\/p>\n\n\n\n<h2 class=\"wp-block-heading\"><strong>La division est l\u2019arme privil\u00e9gi\u00e9 du gouvernement<\/strong>&#8230;<\/h2>\n\n\n\n<p><strong>La division est l\u2019arme <\/strong><strong>privil\u00e9gi\u00e9 <\/strong><strong>du gouvernement <\/strong><strong>pour faire passer sa contre-r\u00e9forme<\/strong><strong>&nbsp;:<\/strong> le priv\u00e9 contre le public, le r\u00e9gime g\u00e9n\u00e9ral contre les r\u00e9gimes sp\u00e9ciaux, les femmes contre les hommes, les jeunes contre les vieux (et vice-versa), les actifs contre les retrait\u00e9s, les travailleurs pourvus d\u2019un emploi contre les ch\u00f4meurs.<\/p>\n\n\n\n<p>Depuis 2019, la propagande bourgeoisie s\u2019est d\u00e9cha\u00een\u00e9e pour convaincre les jeunes qu\u2019ils n\u2019auraient jamais de retraite. Pour convaincre aussi les vieux que le seul moyen de continuer \u00e0 percevoir une pension, c\u2019est d\u2019enfoncer les jeunes dans la pr\u00e9carit\u00e9.<\/p>\n\n\n\n<p>D\u2019ailleurs, en plein \u00ab&nbsp;d\u00e9bat&nbsp;\u00bb sur la contre-r\u00e9forme actuelle, la bourgeoisie pr\u00e9pare d\u00e9j\u00e0 l\u2019\u00e9tape suivante&nbsp;: la baisse des pensions au pr\u00e9texte que le \u00ab&nbsp;pouvoir d\u2019achat&nbsp;\u00bb des retrait\u00e9s serait sup\u00e9rieur \u00e0 celui des actifs.<\/p>\n\n\n\n<h2 class=\"wp-block-heading\"><strong>\u00c0 quoi sert donc cette sixi\u00e8me contre-r\u00e9forme&nbsp;?<\/strong> <\/h2>\n\n\n\n<p>\u00c0 pr\u00e9parer la septi\u00e8me, la huiti\u00e8me, la neuvi\u00e8me, etc. jusqu\u2019\u00e0 ce que le syst\u00e8me par r\u00e9partition ne soit qu\u2019une coquille vide.<\/p>\n\n\n\n<p><strong>La s\u00e9curit\u00e9 sociale est la vache \u00e0 lait de l\u2019\u00c9tat&nbsp;: d\u00e8s qu\u2019un probl\u00e8me surgit, c\u2019est la s\u00e9cu qui paye et\u2026 qui creuse son d\u00e9ficit&nbsp;! Ce qui \u00ab&nbsp;justifie&nbsp;\u00bb une r\u00e9forme.<\/strong><\/p>\n\n\n\n<p>M.&nbsp;Le Maire, Ministre de l\u2019\u00c9conomie et des finances s\u2019est m\u00eame permis d\u2019annoncer il y a quelques mois que les \u00e9conomies r\u00e9alis\u00e9es avec la contre-r\u00e9forme des retraites permettraient de financer l\u2019\u00e9cole et l\u2019h\u00f4pital. \u00c9cole et h\u00f4pital qui sont la cible d\u2019un sabotage constant de tous les gouvernements depuis 40 ans&nbsp;!<\/p>\n\n\n\n<p>D\u2019ailleurs, le gouvernement s\u2019est assur\u00e9 de la contre-r\u00e9forme de l\u2019assurance ch\u00f4mage avant de lancer celle des retraites, histoire de ne pas perdre par ici ce qu\u2019il gagnerait par l\u00e0. Car la tarte \u00e0 la cr\u00e8me de \u00ab&nbsp;l\u2019emploi des seniors&nbsp;\u00bb revient, elle aussi, \u00e0 chaque contre-r\u00e9forme, comme la question de la p\u00e9nibilit\u00e9.<\/p>\n\n\n\n<h2 class=\"wp-block-heading\"><strong>Il faut dire et le r\u00e9p\u00e9ter&nbsp;: le seul but du gouvernement Macron-Borne-Maire-Darmanin c\u2019est de d\u00e9molir la retraite par r\u00e9partitions&nbsp;! <\/strong><\/h2>\n\n\n\n<p>Les capitalistes, les march\u00e9s financiers en particulier, et les institutions capitalistes internationales l\u2019exigent.<\/p>\n\n\n\n<p>Le Fonds Mon\u00e9taire International, la Banque mondiale, l\u2019Organisation pour la coop\u00e9ration et le d\u00e9veloppement \u00e9conomique (OCDE), l\u2019Organisation Mondiale du Commerce et l\u2019Union Europ\u00e9enne, qui a inscrit cette politique dans sa constitution,veulent cette contre-r\u00e9forme<\/p>\n\n\n\n<p>Car ils veulent la baisse des salaires et des pensions. Ils travaillent \u00e0 la d\u00e9molition de la protection sociale \u00e0 commencer par la s\u00e9curit\u00e9 sociale. Ils r\u00eavent de leur substituer les fonds de pensions par capitalisation et les assurances sant\u00e9. Ils veulent mettrent la main sur le budget de la s\u00e9curit\u00e9 sociale qui d\u00e9passe celui de l\u2019\u00c9tat.<\/p>\n\n\n\n<p><strong>Voil\u00e0 pourquoi Macron-Borne-Maire-Darmanin veulent cette contre-r\u00e9forme.Voil\u00e0 aussi pourquoi les travailleurs n&rsquo;en veulent pas. C\u2019est pour cela qu\u2019ils s\u2019appr\u00eatent \u00e0 faire gr\u00e8ve et \u00e0 descendre dans la rue le 19 janvier.<\/strong><\/p>\n\n\n\n<p>Nous n\u2019appellerons pas madame Borne \u00e0 la responsabilit\u00e9 en cessant de p\u00e9naliser les travailleurs et les jeunes&nbsp;: elle a choisi de servir les capitalistes. Nous ne nous faisons aucune illusion sur ce gouvernement.<\/p>\n\n\n\n<h3 class=\"wp-block-heading\">Par contre, les dirigeants des organisations syndicales adopteraient une attitude responsable en rompant avec \u00ab&nbsp;le dialogue social&nbsp;\u00bb, en impulsant une mobilisation unie pour le retrait pur et simple de la contre-r\u00e9forme, s\u2019appuyant sur des assembl\u00e9es g\u00e9n\u00e9rales souveraines sur les lieux de travail dans le priv\u00e9 comme dans le public.<\/h3>\n\n\n\n<h1 class=\"wp-block-heading\"><strong>Travailleurs, travailleuses, jeunes, \u00e9tudiants, unit\u00e9 et gr\u00e8ve g\u00e9n\u00e9rale jusqu\u2019au retrait&nbsp;!<\/strong><\/h1>\n<div style=\"margin-top: 0px; margin-bottom: 0px;\" class=\"sharethis-inline-share-buttons\" ><\/div>","protected":false},"excerpt":{"rendered":"<div class=\"mh-excerpt\"><p>Pour la sixi\u00e8me fois en trente ans, un gouvernement engage une contre-r\u00e9forme des retraites, pour la sixi\u00e8me fois les m\u00eames mensonges sont prof\u00e9r\u00e9s&#8230;<\/p>\n<\/div>","protected":false},"author":2,"featured_media":8068,"comment_status":"closed","ping_status":"closed","sticky":false,"template":"","format":"standard","meta":{"footnotes":""},"categories":[34,5,19,38,7,14,36,49,15],"tags":[],"class_list":["post-8065","post","type-post","status-publish","format-standard","has-post-thumbnail","hentry","category-campagne-nationale","category-campagnes","category-declarations","category-declarations-du-gsi","category-internationaliste","category-lutte-de-classes","category-national","category-publications","category-syndicalisme"],"_links":{"self":[{"href":"https:\/\/mci-qi.org\/index.php?rest_route=\/wp\/v2\/posts\/8065","targetHints":{"allow":["GET"]}}],"collection":[{"href":"https:\/\/mci-qi.org\/index.php?rest_route=\/wp\/v2\/posts"}],"about":[{"href":"https:\/\/mci-qi.org\/index.php?rest_route=\/wp\/v2\/types\/post"}],"author":[{"embeddable":true,"href":"https:\/\/mci-qi.org\/index.php?rest_route=\/wp\/v2\/users\/2"}],"replies":[{"embeddable":true,"href":"https:\/\/mci-qi.org\/index.php?rest_route=%2Fwp%2Fv2%2Fcomments&post=8065"}],"version-history":[{"count":5,"href":"https:\/\/mci-qi.org\/index.php?rest_route=\/wp\/v2\/posts\/8065\/revisions"}],"predecessor-version":[{"id":8075,"href":"https:\/\/mci-qi.org\/index.php?rest_route=\/wp\/v2\/posts\/8065\/revisions\/8075"}],"wp:featuredmedia":[{"embeddable":true,"href":"https:\/\/mci-qi.org\/index.php?rest_route=\/wp\/v2\/media\/8068"}],"wp:attachment":[{"href":"https:\/\/mci-qi.org\/index.php?rest_route=%2Fwp%2Fv2%2Fmedia&parent=8065"}],"wp:term":[{"taxonomy":"category","embeddable":true,"href":"https:\/\/mci-qi.org\/index.php?rest_route=%2Fwp%2Fv2%2Fcategories&post=8065"},{"taxonomy":"post_tag","embeddable":true,"href":"https:\/\/mci-qi.org\/index.php?rest_route=%2Fwp%2Fv2%2Ftags&post=8065"}],"curies":[{"name":"wp","href":"https:\/\/api.w.org\/{rel}","templated":true}]}}