{"id":8100,"date":"2023-02-12T21:13:00","date_gmt":"2023-02-12T20:13:00","guid":{"rendered":"https:\/\/mci-qi.org\/?p=8100"},"modified":"2023-05-10T16:28:03","modified_gmt":"2023-05-10T15:28:03","slug":"reforme-des-retraites-nous-pouvons-gagner","status":"publish","type":"post","link":"https:\/\/mci-qi.org\/?p=8100","title":{"rendered":"R\u00e9forme des retraites : Nous pouvons gagner\u00a0!"},"content":{"rendered":"\n<h2 class=\"wp-block-heading\"><em>D\u00e9claration du MCI-QI<\/em><\/h2>\n\n\n\n<p>Depuis le 19 janvier dernier les travailleurs et les travailleuses, la population sont des millions a rejet\u00e9 la contre-r\u00e9forme r\u00e9actionnaire des retraites.<\/p>\n\n\n\n<p>Injuste, brutale, inhumaine, patriarcale, cette contre r\u00e9forme est un concentr\u00e9 de la politique du gouvernement et du Medef au service des milliardaires et des march\u00e9s financiers.<\/p>\n\n\n\n<p>Eux, qui ach\u00e8tent notre force de travail \u00e0 \u00ab&nbsp;coup de lance pierre&nbsp;\u00bb ( il n\u2019y a qu\u2019\u00e0 voir nos salaires\u2026) consid\u00e8rent que toute la population doit \u00eatre \u00e0 leur service et se plier \u00e0 leurs exigences&#8230;<\/p>\n\n\n\n<p><strong>Par la puissance de la mobilisation, les travailleurs et les jeunes ont impos\u00e9 l\u2019unit\u00e9 par en bas, y compris aux directions syndicales conf\u00e9d\u00e9rales, sur un seul mot d\u2019ordre <\/strong><strong>et mandat<\/strong><strong>&nbsp;: le retrait pur et simple&nbsp;!<\/strong><\/p>\n\n\n\n<p>Les manifestations sont particuli\u00e8rement fortes dans les villes moyennes et petites, celles-l\u00e0 m\u00eame qui ont connu la puissante mobilisation du prol\u00e9tariat en gilets jaunes en 2018-2019.<\/p>\n\n\n\n<p>Qu\u2019on en juge par quelques chiffres&nbsp;: \u00e0 plusieurs reprises il y a eu pr\u00e8s de 15000 personnes dans les rues de Foix en Ari\u00e8ge, 12000 personnes \u00e0 Angoul\u00eame, en Charente, 5000 dans les rues de D\u00f4le, dans le Jura.<\/p>\n\n\n\n<p>La force de la mobilisation indique la profondeur du rejet, non seulement de cette contre-r\u00e9forme, mais aussi de toute la politique antisociale du gouvernement Macron-Borne-Dussop.<\/p>\n\n\n\n<p><strong>Mais, malgr\u00e9 les millions de travailleurs et travailleuses en gr\u00e8ve et en manifestation, le gouvernement continue d\u2019avancer \u00e0 marche forc\u00e9e.<\/strong><\/p>\n\n\n\n<p>Confirmant par-l\u00e0 m\u00eame le caract\u00e8re profond\u00e9ment anti-d\u00e9mocratique et r\u00e9actionnaire de la 5\u00e8me r\u00e9publique, qui permet au gouvernement le plus mal \u00e9lu de son histoire, d\u2019avancer contre l\u2019avis majoritaire de sa population.<\/p>\n\n\n\n<p>Au del\u00e0 des gesticulations parlementaires des uns et des autres, qui font la une des m\u00e9dias bourgeois, des millions d\u2019anonymes se sont mis en mouvement car ils ont compris, ils ont compris que tous ensemble en gr\u00e8ve et dans la rue nous pouvons gagner\u00a0!<\/p>\n\n\n\n<p><strong>La peur peu<\/strong><strong>t <\/strong><strong>et doit changer de camp&nbsp;! <\/strong>L\u2019enjeu est particuli\u00e8rement fort dans le secteur priv\u00e9, o\u00f9 la pression exerc\u00e9e par le patronat contre le droit de gr\u00e8ve et la libert\u00e9 d\u2019organisation est particuli\u00e8rement forte. Les conditions sont r\u00e9unies pour briser la chape de plomb qui y r\u00e8gne.<\/p>\n\n\n\n<h3 class=\"wp-block-heading\">Il s\u2019agit d\u2019aller tous et toutes ensemble vers la gr\u00e8ve g\u00e9n\u00e9rale d\u00e8s maintenant, sans attendre, voil\u00e0 ce qui va \u00eatre discut\u00e9 dans les Assembl\u00e9es G\u00e9n\u00e9rales sur nos lieux de travail et d\u2019\u00e9tudes&nbsp;!<\/h3>\n\n\n\n<h1 class=\"wp-block-heading\"><strong>La victoire est possible, unit\u00e9 et gr\u00e8ve g\u00e9n\u00e9rale jusqu&rsquo;au retrait&nbsp;<\/strong>!<\/h1>\n<div style=\"margin-top: 0px; margin-bottom: 0px;\" class=\"sharethis-inline-share-buttons\" ><\/div>","protected":false},"excerpt":{"rendered":"<div class=\"mh-excerpt\"><p>D\u00e9claration du MCI-QI, par millions la population exige le retrait !<\/p>\n<\/div>","protected":false},"author":2,"featured_media":8106,"comment_status":"closed","ping_status":"closed","sticky":false,"template":"","format":"standard","meta":{"footnotes":""},"categories":[34,5,19,38,7,14,36,15],"tags":[],"class_list":["post-8100","post","type-post","status-publish","format-standard","has-post-thumbnail","hentry","category-campagne-nationale","category-campagnes","category-declarations","category-declarations-du-gsi","category-internationaliste","category-lutte-de-classes","category-national","category-syndicalisme"],"_links":{"self":[{"href":"https:\/\/mci-qi.org\/index.php?rest_route=\/wp\/v2\/posts\/8100","targetHints":{"allow":["GET"]}}],"collection":[{"href":"https:\/\/mci-qi.org\/index.php?rest_route=\/wp\/v2\/posts"}],"about":[{"href":"https:\/\/mci-qi.org\/index.php?rest_route=\/wp\/v2\/types\/post"}],"author":[{"embeddable":true,"href":"https:\/\/mci-qi.org\/index.php?rest_route=\/wp\/v2\/users\/2"}],"replies":[{"embeddable":true,"href":"https:\/\/mci-qi.org\/index.php?rest_route=%2Fwp%2Fv2%2Fcomments&post=8100"}],"version-history":[{"count":7,"href":"https:\/\/mci-qi.org\/index.php?rest_route=\/wp\/v2\/posts\/8100\/revisions"}],"predecessor-version":[{"id":8137,"href":"https:\/\/mci-qi.org\/index.php?rest_route=\/wp\/v2\/posts\/8100\/revisions\/8137"}],"wp:featuredmedia":[{"embeddable":true,"href":"https:\/\/mci-qi.org\/index.php?rest_route=\/wp\/v2\/media\/8106"}],"wp:attachment":[{"href":"https:\/\/mci-qi.org\/index.php?rest_route=%2Fwp%2Fv2%2Fmedia&parent=8100"}],"wp:term":[{"taxonomy":"category","embeddable":true,"href":"https:\/\/mci-qi.org\/index.php?rest_route=%2Fwp%2Fv2%2Fcategories&post=8100"},{"taxonomy":"post_tag","embeddable":true,"href":"https:\/\/mci-qi.org\/index.php?rest_route=%2Fwp%2Fv2%2Ftags&post=8100"}],"curies":[{"name":"wp","href":"https:\/\/api.w.org\/{rel}","templated":true}]}}