{"id":8129,"date":"2023-03-05T21:47:13","date_gmt":"2023-03-05T20:47:13","guid":{"rendered":"https:\/\/mci-qi.org\/?p=8129"},"modified":"2023-05-10T16:28:14","modified_gmt":"2023-05-10T15:28:14","slug":"retraites-pour-battre-macron-il-faut-battre-les-patrons","status":"publish","type":"post","link":"https:\/\/mci-qi.org\/?p=8129","title":{"rendered":"Retraites\u00a0: pour battre Macron, il faut battre les patrons\u00a0!"},"content":{"rendered":"\n<p>Encore une fois, revenons-y&nbsp;: le but de la contre-r\u00e9forme des retraites port\u00e9e par \u00c9.&nbsp;Borne, la sixi\u00e8me depuis 1993, n\u2019est pas de sauver les retraites par r\u00e9partition, mais d\u2019en faire des coquilles vides, de les amener \u00e0 la faillite&nbsp;!<\/p>\n\n\n\n<p>Celles du r\u00e9gime g\u00e9n\u00e9ral, comme celles des r\u00e9gimes sp\u00e9ciaux, c\u2019est pourquoi le pr\u00e9alable de ce sabotage est la disparition de ces derniers.<\/p>\n\n\n\n<p>Non pas par souci d\u2019\u00ab&nbsp;\u00e9quit\u00e9&nbsp;\u00bb, de \u00ab&nbsp;justice&nbsp;\u00bb comme le pr\u00e9tendent les diviseurs de tous poils, mais parce que la manne financi\u00e8re destin\u00e9e aux capitalistes en serait \u00e9largie consid\u00e9rablement.<\/p>\n\n\n\n<p>Ajoutons-y le r\u00e9gime de la Fonction publique qu\u2019ils r\u00eavent de basculer du budget de l\u2019\u00c9tat \u00e0 celui de la s\u00e9curit\u00e9 sociale et la coupe serait pleine&nbsp;: en tout <strong>ce sont des centaines de milliards d\u2019euros qui sont en jeu&nbsp;!<\/strong><\/p>\n\n\n\n<p>Aussi, qu\u2019il s\u2019agisse de l\u2019assurance maladie ou des retraites, il faut mettre \u00e0 nu <strong>le double langage des gouvernements<\/strong> qui se sont succ\u00e9d\u00e9 depuis des d\u00e9cennies.<\/p>\n\n\n\n<p>Ainsi quand Macron a rencontr\u00e9 le dirigeant de Blackrock en 2019, ont-ils discut\u00e9 de la d\u00e9fense des retraites par r\u00e9partition ou du d\u00e9veloppement de \u00ab&nbsp;l\u2019\u00e9pargne retraite&nbsp;\u00bb, c\u2019est-\u00e0-dire des fonds de pension, de la capitalisation&nbsp;?<\/p>\n\n\n\n<p>Oui, depuis 1947, tous les gouvernements ont tous eu pour ambition de vider les caisses de la s\u00e9curit\u00e9 sociale au profit des capitalistes. Ces derniers l\u2019exigent, les institutions internationales \u00e0 leur service relaient puissamment leurs attentes.<\/p>\n\n\n\n<p>Institutions auxquelles s\u2019ajoute toute une bureaucratie au service des capitalistes&nbsp;: les McKinsey et consort, la pl\u00e9thore de cabinets d\u2019avocats d\u2019affaire et leurs tribunaux d\u2019arbitrages, les soci\u00e9t\u00e9s de conseil et autres agences de notation, experts-comptables, etc. Fonds sp\u00e9culatifs, banques, assurances&#8230;<\/p>\n\n\n\n<p>L\u2019Union europ\u00e9enne et les gouvernements des pays membres ne sont que des ex\u00e9cutants z\u00e9l\u00e9s de cette politique qu\u2019ils nomment \u00ab<em>&nbsp;les<\/em> r\u00e9formes&nbsp;\u00bb, contre-r\u00e9formes en r\u00e9alit\u00e9, indiscutables, incontestables. Encore que\u2026<\/p>\n\n\n\n<p>\u00c0 l\u2019\u00e9chelle d\u2019un pays comme la France, <strong>Macron veut la contre-r\u00e9forme des retraites, car le MEDEF et ses affid\u00e9s l\u2019ordonnent.<\/strong><\/p>\n\n\n\n<p>Depuis des d\u00e9cennies, le mille-feuille des exon\u00e9rations s\u2019\u00e9paissit, privant la s\u00e9curit\u00e9 sociale de recettes, creusant son d\u00e9ficit, alimentant les actionnaires en dividendes. Car pour le MEDEF et l\u2019\u00c9tat les salaires doivent baisser, ils appellent \u00e7a \u00ab&nbsp;la baisse des co\u00fbts salariaux&nbsp;\u00bb.<\/p>\n\n\n\n<ul class=\"wp-block-list\"><li>Cela passe par la baisse du salaire indirect et socialis\u00e9 que constituent les cotisations sociales vers\u00e9es \u00e0 la s\u00e9curit\u00e9 sociale, aux caisses de retraites.<\/li><\/ul>\n\n\n\n<p>Depuis que l\u2019\u00c9tat a pris le contr\u00f4le de la s\u00e9curit\u00e9 sociale et a int\u00e9gr\u00e9 son budget \u00e0 la n\u00e9buleuse des \u00ab&nbsp;comptes publics&nbsp;\u00bb tous les pr\u00e9textes sont bons pour mettre sur son dos de nouvelles charges&nbsp;: la crise de la Covid-19 a \u00e9t\u00e9 une d\u00e9monstration de cette politique de pillage de notre salaire indirect et socialis\u00e9.<\/p>\n\n\n\n<p>Le budget de la s\u00e9curit\u00e9 sociale est devenu une vache-\u00e0-lait pour les capitalistes.<\/p>\n\n\n\n<ul class=\"wp-block-list\"><li>Cela passe par l\u2019inflation, salaires bloqu\u00e9s, qui aboutit \u00e0 une baisse des salaires en termes r\u00e9els. \u00c0 la place des primes \u00ab&nbsp;d\u00e9fiscalis\u00e9es&nbsp;\u00bb et \u00ab&nbsp;d\u00e9socialis\u00e9es&nbsp;\u00bb, l\u2019int\u00e9ressement et \u00e0 l\u2019actionnariat salari\u00e9&nbsp;!<\/li><\/ul>\n\n\n\n<p>\u00ab&nbsp;Travailleurs, tirez-vous une balle dans le pied en acceptant une baisse des salaires contre la promesse de miettes de dividendes&nbsp;\u00bb. Voil\u00e0 en substance le langage du MEDEF et du gouvernement&nbsp;!<\/p>\n\n\n\n<p>\u00ab&nbsp;Travailleurs, battez-vous pour virer votre coll\u00e8gue afin de vous partager sa d\u00e9pouille&nbsp;\u00bb. Voil\u00e0 en substance le langage du MEDEF et du gouvernement&nbsp;!<\/p>\n\n\n\n<p><strong>Tous les travailleurs l\u2019ont compris&nbsp;: accepter plus de 60 ans, aujourd\u2019hui 64 ans, c\u2019est accepter 65, 66, 67, 70 ans demain et apr\u00e8s\u2011demain, c\u2019est accepter que la baisse des pensions de retraites brutes soient sur la table \u00e0 l\u2019occasion de la prochaine contre-r\u00e9forme&nbsp;!<\/strong><\/p>\n\n\n\n<p>Pour battre Macron-Borne-Darmanin-Le Maire et compagnie, il faut battre le MEDEF&nbsp;! Il faut le frapper au portefeuille&nbsp;! Par la gr\u00e8ve, car il n\u2019y a pas d\u2019autre solution&nbsp;! Par la gr\u00e8ve et la manifestation&nbsp;!<\/p>\n\n\n\n<p>Il faut agglom\u00e9rer les m\u00e9contentements ouvriers jeunes et populaires et non pas faire converger (quand&nbsp;?) des luttes (lesquelles&nbsp;?).<\/p>\n\n\n\n<p>Oui, il faut s\u2019opposer aux fermetures de classes et d\u2019\u00e9coles, s\u2019opposer aux fermetures de lits et d\u2019h\u00f4pitaux, de maternit\u00e9s.<\/p>\n\n\n\n<p>Oui, il faut s\u2019opposer aux charrettes de licenciements qui continuent derri\u00e8re le discours officiel sur la baisse du ch\u00f4mage et les \u00ab&nbsp;difficult\u00e9s de recrutement&nbsp;\u00bb&nbsp;!<\/p>\n\n\n\n<p>Oui, il faut exiger des augmentations de salaires de fa\u00e7on \u00e0 neutraliser l\u2019inflation (cela s\u2019appelle l\u2019\u00e9chelle mobile des salaires).<\/p>\n\n\n\n<p>Mais imposer le retrait pur et simple du projet Macron-Borne-Roux de B\u00e9zieux c\u2019est se donner les moyens de mettre fin \u00e0 toute cette politique de recul social et d\u00e9mocratique.<\/p>\n\n\n\n<p>Pour cela, nous toutes et tous, les opprim\u00e9s, devons nous r\u00e9unir face aux oppresseurs, au grand jour, massivement, sans ruser, sans RTT, ni t\u00e9l\u00e9travail&nbsp;: par la gr\u00e8ve, en cessant le travail en concertation avec nos coll\u00e8gues, en nous r\u00e9unissant et en d\u00e9battant d\u00e9mocratiquement.<\/p>\n\n\n\n<h2 class=\"wp-block-heading\"><strong>Cela s\u2019appelle la gr\u00e8ve g\u00e9n\u00e9rale.<\/strong><\/h2>\n\n\n\n<h2 class=\"wp-block-heading\"><strong>Ce n\u2019est pas un gros mot. Ce n\u2019est pas une utopie. Ce n\u2019est pas une marotte id\u00e9ologique.<\/strong><\/h2>\n\n\n\n<h2 class=\"wp-block-heading\"><strong>C\u2019est une exigence de survie, une n\u00e9cessit\u00e9 imp\u00e9rieuse.<\/strong><\/h2>\n\n\n\n<p><\/p>\n<div style=\"margin-top: 0px; margin-bottom: 0px;\" class=\"sharethis-inline-share-buttons\" ><\/div>","protected":false},"excerpt":{"rendered":"<div class=\"mh-excerpt\"><p> imposer le retrait pur et simple du projet Macron-Borne-Roux de B\u00e9zieux c\u2019est se donner les moyens de mettre fin \u00e0 toute cette politique de recul social et d\u00e9mocratique.<\/p>\n<\/div>","protected":false},"author":7,"featured_media":8130,"comment_status":"closed","ping_status":"closed","sticky":false,"template":"","format":"standard","meta":{"footnotes":""},"categories":[35,34,19,38,7,14,36,15],"tags":[],"class_list":["post-8129","post","type-post","status-publish","format-standard","has-post-thumbnail","hentry","category-campagne-internationale","category-campagne-nationale","category-declarations","category-declarations-du-gsi","category-internationaliste","category-lutte-de-classes","category-national","category-syndicalisme"],"_links":{"self":[{"href":"https:\/\/mci-qi.org\/index.php?rest_route=\/wp\/v2\/posts\/8129","targetHints":{"allow":["GET"]}}],"collection":[{"href":"https:\/\/mci-qi.org\/index.php?rest_route=\/wp\/v2\/posts"}],"about":[{"href":"https:\/\/mci-qi.org\/index.php?rest_route=\/wp\/v2\/types\/post"}],"author":[{"embeddable":true,"href":"https:\/\/mci-qi.org\/index.php?rest_route=\/wp\/v2\/users\/7"}],"replies":[{"embeddable":true,"href":"https:\/\/mci-qi.org\/index.php?rest_route=%2Fwp%2Fv2%2Fcomments&post=8129"}],"version-history":[{"count":1,"href":"https:\/\/mci-qi.org\/index.php?rest_route=\/wp\/v2\/posts\/8129\/revisions"}],"predecessor-version":[{"id":8131,"href":"https:\/\/mci-qi.org\/index.php?rest_route=\/wp\/v2\/posts\/8129\/revisions\/8131"}],"wp:featuredmedia":[{"embeddable":true,"href":"https:\/\/mci-qi.org\/index.php?rest_route=\/wp\/v2\/media\/8130"}],"wp:attachment":[{"href":"https:\/\/mci-qi.org\/index.php?rest_route=%2Fwp%2Fv2%2Fmedia&parent=8129"}],"wp:term":[{"taxonomy":"category","embeddable":true,"href":"https:\/\/mci-qi.org\/index.php?rest_route=%2Fwp%2Fv2%2Fcategories&post=8129"},{"taxonomy":"post_tag","embeddable":true,"href":"https:\/\/mci-qi.org\/index.php?rest_route=%2Fwp%2Fv2%2Ftags&post=8129"}],"curies":[{"name":"wp","href":"https:\/\/api.w.org\/{rel}","templated":true}]}}