{"id":8133,"date":"2023-03-05T22:21:53","date_gmt":"2023-03-05T21:21:53","guid":{"rendered":"https:\/\/mci-qi.org\/?p=8133"},"modified":"2023-05-10T16:28:37","modified_gmt":"2023-05-10T15:28:37","slug":"jeunes-travailleurs-unite-et-greve-jusquau-retrait-declaration-des-jeunes-du-mci","status":"publish","type":"post","link":"https:\/\/mci-qi.org\/?p=8133","title":{"rendered":"Jeunes-travailleurs unit\u00e9 et gr\u00e8ve jusqu\u2019au retrait ! D\u00e9claration des jeunes du MCI"},"content":{"rendered":"\n<p>Le syst\u00e8me par r\u00e9partition financ\u00e9 par les cotisations sociale, est un acquis arrach\u00e9 de haute lutte. Avant sa cr\u00e9ation en 1945, les travailleurs partaient si tard \u00e0 la retraite que la CGT de l\u2019\u00e9poque parlait de \u00ab&nbsp;retraite pour les morts&nbsp;\u00bb.<\/p>\n\n\n\n<p>L\u2019enjeu de cette r\u00e9forme est non seulement le recul de l\u2019\u00e2ge de d\u00e9part, mais aussi le pillage organis\u00e9 du syst\u00e8me de solidarit\u00e9 interg\u00e9n\u00e9rationnel.<\/p>\n\n\n\n<p>Pour le patronat, il s\u2019agit de mettre la main sur la totalit\u00e9 des cotisations retraites pour les r\u00e9orienter vers des assurances priv\u00e9es ( des fonds de pensions ou organisme de pr\u00e9voyance ). <\/p>\n\n\n\n<p>Si cette contre r\u00e9forme passe, le gouvernement avec le plein soutien du patronat aura les mains libre pour liquider ce qu\u2019il reste du syst\u00e8me de solidarit\u00e9 interg\u00e9n\u00e9rationnelle.<\/p>\n\n\n\n<p>Au contraire si Macron recule, pour le prol\u00e9tariat et pour les jeunes c\u2019est la possibilit\u00e9 de revenir sur toute sa politique, sur des ann\u00e9es de casse des services publics et du code du travail.<\/p>\n\n\n\n<p>Les millions dans la rue, les taux de gr\u00e9vistes historique montrent toute la d\u00e9termination du prol\u00e9tariat \u00e0 faire reculer le gouvernement. Nous saluons \u00e9galement l\u2019arriv\u00e9e d\u2019une nouvelle g\u00e9n\u00e9ration de jeunes et de travailleurs qui se mobilisent pour la premi\u00e8re fois.<\/p>\n\n\n\n<p>Seul le prol\u00e9tariat, le mouvement ouvrier organis\u00e9 est \u00e0 m\u00eame de faire reculer le gouvernement par la gr\u00e8ve g\u00e9n\u00e9rale, le rassemblement au grand jour de tous les opprim\u00e9s et les exploit\u00e9s.<\/p>\n\n\n\n<p>C\u2019est pourquoi nous \u00e9tudiants, travailleurs en formation, avons le devoir de faire l\u2019unit\u00e9 avec les millions qui sont d\u00e9j\u00e0 mobilis\u00e9 massivement.<\/p>\n\n\n\n<h2 class=\"wp-block-heading\"><strong>Nous appelons tous les \u00e9tudiants \u00e0 se joindre aux journ\u00e9es de gr\u00e8ves et \u00e0 descendre massivement dans la rue au c\u00f4t\u00e9 des travailleurs pour le retrait de la r\u00e9forme des retraites.<\/strong><\/h2>\n\n\n\n<h2 class=\"wp-block-heading\"><strong>Nous appelons \u00e9galement \u00e0 la tenue d\u2019Assembl\u00e9es G\u00e9n\u00e9rales massives et d\u00e9mocratiques sur nos lieux d\u2019\u00e9tudes. Rappelons que c\u2019est l\u2019organe de d\u00e9cision au centre de tout mouvement \u00e9tudiant. Sans d\u00e9mocratie pas d\u2019AG massive.<\/strong><\/h2>\n\n\n\n<h2 class=\"wp-block-heading\"><strong>Enfin nous appelons tous les jeunes qui cherchent \u00e0 s\u2019organiser s\u00e9rieusement pour faire reculer le gouvernement \u00e0 nous rejoindre&nbsp;!<\/strong><\/h2>\n<div style=\"margin-top: 0px; margin-bottom: 0px;\" class=\"sharethis-inline-share-buttons\" ><\/div>","protected":false},"excerpt":{"rendered":"<div class=\"mh-excerpt\"><p>D\u00e9claration des jeunes du MCI<\/p>\n<\/div>","protected":false},"author":2,"featured_media":8134,"comment_status":"closed","ping_status":"closed","sticky":false,"template":"","format":"standard","meta":{"footnotes":""},"categories":[34,5,38,7,17,14,36,49,15],"tags":[],"class_list":["post-8133","post","type-post","status-publish","format-standard","has-post-thumbnail","hentry","category-campagne-nationale","category-campagnes","category-declarations-du-gsi","category-internationaliste","category-jeunesse","category-lutte-de-classes","category-national","category-publications","category-syndicalisme"],"_links":{"self":[{"href":"https:\/\/mci-qi.org\/index.php?rest_route=\/wp\/v2\/posts\/8133","targetHints":{"allow":["GET"]}}],"collection":[{"href":"https:\/\/mci-qi.org\/index.php?rest_route=\/wp\/v2\/posts"}],"about":[{"href":"https:\/\/mci-qi.org\/index.php?rest_route=\/wp\/v2\/types\/post"}],"author":[{"embeddable":true,"href":"https:\/\/mci-qi.org\/index.php?rest_route=\/wp\/v2\/users\/2"}],"replies":[{"embeddable":true,"href":"https:\/\/mci-qi.org\/index.php?rest_route=%2Fwp%2Fv2%2Fcomments&post=8133"}],"version-history":[{"count":2,"href":"https:\/\/mci-qi.org\/index.php?rest_route=\/wp\/v2\/posts\/8133\/revisions"}],"predecessor-version":[{"id":8136,"href":"https:\/\/mci-qi.org\/index.php?rest_route=\/wp\/v2\/posts\/8133\/revisions\/8136"}],"wp:featuredmedia":[{"embeddable":true,"href":"https:\/\/mci-qi.org\/index.php?rest_route=\/wp\/v2\/media\/8134"}],"wp:attachment":[{"href":"https:\/\/mci-qi.org\/index.php?rest_route=%2Fwp%2Fv2%2Fmedia&parent=8133"}],"wp:term":[{"taxonomy":"category","embeddable":true,"href":"https:\/\/mci-qi.org\/index.php?rest_route=%2Fwp%2Fv2%2Fcategories&post=8133"},{"taxonomy":"post_tag","embeddable":true,"href":"https:\/\/mci-qi.org\/index.php?rest_route=%2Fwp%2Fv2%2Ftags&post=8133"}],"curies":[{"name":"wp","href":"https:\/\/api.w.org\/{rel}","templated":true}]}}