{"id":8170,"date":"2023-04-12T19:02:48","date_gmt":"2023-04-12T18:02:48","guid":{"rendered":"https:\/\/mci-qi.org\/?p=8170"},"modified":"2023-05-17T19:35:46","modified_gmt":"2023-05-17T18:35:46","slug":"retraites-conseil-constitutionnel-referendum-non-lutte-des-classes","status":"publish","type":"post","link":"https:\/\/mci-qi.org\/?p=8170","title":{"rendered":"Retraites : Conseil constitutionnel ? R\u00e9f\u00e9rendum ? NON lutte des classes\u00a0!"},"content":{"rendered":"\n<p>Depuis le \u00e9ni\u00e8me coup de force du gouvernement qui a voulu imposer la contre-r\u00e9forme des retraites en utilisant l\u2019article 49-3 de la constitution de la Ve R\u00e9publique, l\u2019intersyndicale et \u00ab&nbsp;la gauche&nbsp;\u00bb semblent suspendues aux d\u00e9cisions du Conseil constitutionnel.<\/p>\n\n\n\n<p><strong>Les uns escomptent que le Conseil va se prononcer sur le fond de la contre-r\u00e9forme et non sur sa conformit\u00e9 \u00e0 la constitution.<\/strong> Les plus optimistes dans leurs propos, faussement na\u00effs en v\u00e9rit\u00e9, communiquent bruyamment sur une possible prise en compte de l\u2019opposition au projet gouvernemental par ledit Conseil qui pourrait prendre fait et cause aux c\u00f4t\u00e9s des travailleurs contre le gouvernement&nbsp;! Sans blague&nbsp;!<\/p>\n\n\n\n<p><strong>Les autres attendent que le Conseil valide une proc\u00e9dure lanc\u00e9e par un cinqui\u00e8me des parlementaires qui leur permettrait au terme d\u2019une campagne pour r\u00e9unir 4,8 millions de signatures d\u2019obtenir un r\u00e9f\u00e9rendum d\u2019initiative partag\u00e9e<\/strong> <strong>(RIP<a id=\"sdfootnote1anc\" href=\"#sdfootnote1sym\"><sup>1<\/sup><\/a>).<\/strong><\/p>\n\n\n\n<p>Ce qui peut prendre pas mal de temps, neuf mois pour cette derni\u00e8re phase, le temps d\u2019accoucher d\u2019un projet de loi qui devrait \u00eatre adopt\u00e9 sous&#8230; six mois. \u00c0 d\u00e9faut d\u2019examen du projet de loi dans ce d\u00e9lai de six mois, le pr\u00e9sident de la R\u00e9publique convoque un r\u00e9f\u00e9rendum. Enfin, on suppose qu\u2019il le ferait, n\u2019est-ce pas&nbsp;?&#8230;<\/p>\n\n\n\n<p><strong>Neuf plus six \u00e9galent quinze mois de paralysie de l\u2019ex\u00e9cutif sur les retraites&nbsp;? Ou bien quinze mois d\u2019anesth\u00e9sie impos\u00e9s aux travailleuses, aux travailleurs et \u00e0 la jeunesse&nbsp;? Tout cela dans le respect des institutions&#8230;<\/strong><\/p>\n\n\n\n<p>Pendant ce temps, les travailleuses, les travailleurs et les jeunes ont \u00e9t\u00e9 pri\u00e9s de partir en vacances pour p\u00e2ques, pour ceux qui en ont les moyens.<\/p>\n\n\n\n<p>Alors, le vacarme d\u2019un effondrement mortel \u00e0 Marseille, tournant en boucle sur toutes les cha\u00eenes de t\u00e9l\u00e9vision est venu \u00e9touffer la clameur de celles et ceux qui ne veulent plus attendre et qui exigent le retrait imm\u00e9diat de la contre-r\u00e9forme. RIP&nbsp;: Requiescat in pace&nbsp;?<\/p>\n\n\n\n<p><strong>Outre que le r\u00e9f\u00e9rendum reviendrait \u00e0 faire se prononcer tous les \u00e9lecteurs \u00e0 commencer par ceux qui ne sont pas concern\u00e9s, ceux qui n\u2019appartiennent pas \u00e0 la classe des prol\u00e9taires. <\/strong>Outre que le r\u00e9f\u00e9rendum aussi est l\u2019instrument par excellence de pl\u00e9biscite du pouvoir personnel, depuis Bonaparte&#8230;<\/p>\n\n\n\n<p><strong>Certes, l\u2019intersyndicale a appel\u00e9 \u00e0 une nouvelle journ\u00e9e de mobilisation pour le 13 avril, veille de la d\u00e9cision du Conseil constitutionnel, mais, de bonne ou de mauvaise gr\u00e2ce, ses composantes ont accept\u00e9 de rencontrer \u00c9.&nbsp;Borne, la collaboratrice d\u2019\u00c9.&nbsp;Macron. Tout cela dans le respect des institutions&#8230;<\/strong><\/p>\n\n\n\n<p>Pendant ce temps toute la droite et l\u2019extr\u00eame-droite, du PS \u00ab&nbsp;d\u00e9complex\u00e9&nbsp;\u00bb de Valls et Cazeneuve \u00e0 Marine Le Pen et au-del\u00e0, multiplie les d\u00e9clarations en d\u00e9fense des institutions.<\/p>\n\n\n\n<p>Pendant ce temps les candidats au r\u00f4le de sauveur des institutions, c\u2019est-\u00e0-dire de la grande bourgeoisie, se multiplient comme des petits pains&nbsp;: B.&nbsp;Le Maire, \u00c9.&nbsp;Philippe, G.&nbsp;Darmanin, etc. les mentons se rel\u00e8vent.<\/p>\n\n\n\n<p>Pourtant, les travailleuses, les travailleurs et les jeunes ont dit non \u00e0 la contre-r\u00e9forme des retraites. Ils sont descendus massivement dans la rue, parfois pour la premi\u00e8re fois. Pour la premi\u00e8re fois \u00e9galement certains ont fait gr\u00e8ve. Ils ont montr\u00e9 qu\u2019ils sont pr\u00eats.<\/p>\n\n\n\n<p><strong>Pr\u00eats pour une retraite \u00e0 60 ans maximum avec 150 trimestres (37,5 ans) de cotisation maximum et un retour aux 10 meilleures ann\u00e9es dans le priv\u00e9. Bref, l\u2019annulation des six contre-r\u00e9formes des retraites en trente ans.<\/strong><\/p>\n\n\n\n<p>Nombreux, ils se sont mobilis\u00e9s derri\u00e8re l\u2019intersyndicale qui leur est apparue comme un point d\u2019appui, un cadre d\u2019unit\u00e9 de la classe. Ils ont cri\u00e9 leur opposition \u00e0 des institutions fa\u00eetes pour les \u00e9craser \u00ab&nbsp;d\u00e9mocratiquement&nbsp;\u00bb, h\u00e9rit\u00e9es du g\u00e9n\u00e9ral de Gaulle et sur lesquelles flotte une odeur de plus en plus naus\u00e9abonde de p\u00e9tainisme.<\/p>\n\n\n\n<p><strong>Les travailleuses, les travailleurs et les jeunes ont r\u00e9p\u00e9t\u00e9 sur tous les tons qu\u2019ils sont pr\u00eats \u00e0 la gr\u00e8ve g\u00e9n\u00e9rale pour le retrait de cette contre-r\u00e9forme.<\/strong><\/p>\n\n\n\n<p>Ce qui indique que la situation est m\u00fbre pour en finir avec le pouvoir personnel&nbsp;: seule la gr\u00e8ve g\u00e9n\u00e9rale peut ouvrir une perspective politique favorable aux travailleuses aux travailleurs et aux jeunes.<\/p>\n\n\n\n<p><strong>Qu\u2019est-ce qui emp\u00eache l\u2019intersyndicale d\u2019appeler \u00e0 la gr\u00e8ve g\u00e9n\u00e9rale aujourd\u2019hui&nbsp;? Tout simplement, elle a fait le choix des institutions alors qu\u2019elle est un instrument de la lutte des classes. \u00c0 son corps d\u00e9fendant, manifestement puisque ses composantes ont accept\u00e9 le cadre du dialogue social qui m\u00e8ne le mouvement ouvrier dans le mur de la collaboration de classe. L\u00e0 r\u00e9side la contradiction de la situation politique.<\/strong><\/p>\n\n\n\n<h2 class=\"wp-block-heading\">Comme Macron qui fait semblant de ne pas entendre l\u2019exigence de retrait pur et simple, l\u2019intersyndicale fait semblant d\u2019\u00eatre sourde \u00e0 l\u2019exigence de la gr\u00e8ve g\u00e9n\u00e9rale&#8230;<\/h2>\n\n\n\n<h2 class=\"wp-block-heading\">Alors, il faut travailler \u00e0 d\u00e9border l\u2019intersyndicale dans les AG, dans nos comit\u00e9s de gr\u00e8ve et d\u2019action. Alors il faut continuer \u00e0 l\u2019interpeller.<\/h2>\n\n\n\n<h2 class=\"wp-block-heading\">Il suffit d\u2019une \u00e9tincelle\u2026<\/h2>\n\n\n\n<h2 class=\"wp-block-heading\">Gr\u00e8ve g\u00e9n\u00e9rale pour en finir avec cette r\u00e9forme et ce r\u00e9gime&nbsp;! Macron d\u00e9mission&nbsp;!<\/h2>\n\n\n\n<h2 class=\"wp-block-heading\">Rejoins-nous&nbsp;!<\/h2>\n\n\n\n<p><a href=\"#sdfootnote1anc\" id=\"sdfootnote1sym\">1<\/a>Sur le RIP, voir : <a href=\"https:\/\/www.vie-publique.fr\/fiches\/23968-en-quoi-consiste-le-referendum-dinitiative-partagee-rip\">https:\/\/www.vie-publique.fr\/fiches\/23968-en-quoi-consiste-le-referendum-dinitiative-partagee-rip<\/a><\/p>\n<div style=\"margin-top: 0px; margin-bottom: 0px;\" class=\"sharethis-inline-share-buttons\" ><\/div>","protected":false},"excerpt":{"rendered":"<div class=\"mh-excerpt\"><p>Depuis le \u00e9ni\u00e8me coup de force du gouvernement qui a voulu imposer la contre-r\u00e9forme des retraites en utilisant l\u2019article 49-3 de la constitution de la <a class=\"mh-excerpt-more\" href=\"https:\/\/mci-qi.org\/?p=8170\" title=\"Retraites : Conseil constitutionnel ? R\u00e9f\u00e9rendum ? NON lutte des classes\u00a0!\">[&#8230;]<\/a><\/p>\n<\/div>","protected":false},"author":2,"featured_media":8171,"comment_status":"closed","ping_status":"closed","sticky":false,"template":"","format":"standard","meta":{"footnotes":""},"categories":[34,5,19,14,36,15],"tags":[],"class_list":["post-8170","post","type-post","status-publish","format-standard","has-post-thumbnail","hentry","category-campagne-nationale","category-campagnes","category-declarations","category-lutte-de-classes","category-national","category-syndicalisme"],"_links":{"self":[{"href":"https:\/\/mci-qi.org\/index.php?rest_route=\/wp\/v2\/posts\/8170","targetHints":{"allow":["GET"]}}],"collection":[{"href":"https:\/\/mci-qi.org\/index.php?rest_route=\/wp\/v2\/posts"}],"about":[{"href":"https:\/\/mci-qi.org\/index.php?rest_route=\/wp\/v2\/types\/post"}],"author":[{"embeddable":true,"href":"https:\/\/mci-qi.org\/index.php?rest_route=\/wp\/v2\/users\/2"}],"replies":[{"embeddable":true,"href":"https:\/\/mci-qi.org\/index.php?rest_route=%2Fwp%2Fv2%2Fcomments&post=8170"}],"version-history":[{"count":3,"href":"https:\/\/mci-qi.org\/index.php?rest_route=\/wp\/v2\/posts\/8170\/revisions"}],"predecessor-version":[{"id":8175,"href":"https:\/\/mci-qi.org\/index.php?rest_route=\/wp\/v2\/posts\/8170\/revisions\/8175"}],"wp:featuredmedia":[{"embeddable":true,"href":"https:\/\/mci-qi.org\/index.php?rest_route=\/wp\/v2\/media\/8171"}],"wp:attachment":[{"href":"https:\/\/mci-qi.org\/index.php?rest_route=%2Fwp%2Fv2%2Fmedia&parent=8170"}],"wp:term":[{"taxonomy":"category","embeddable":true,"href":"https:\/\/mci-qi.org\/index.php?rest_route=%2Fwp%2Fv2%2Fcategories&post=8170"},{"taxonomy":"post_tag","embeddable":true,"href":"https:\/\/mci-qi.org\/index.php?rest_route=%2Fwp%2Fv2%2Ftags&post=8170"}],"curies":[{"name":"wp","href":"https:\/\/api.w.org\/{rel}","templated":true}]}}