{"id":8262,"date":"2023-05-11T16:32:59","date_gmt":"2023-05-11T15:32:59","guid":{"rendered":"https:\/\/mci-qi.org\/?p=8262"},"modified":"2023-05-11T18:51:36","modified_gmt":"2023-05-11T17:51:36","slug":"jeunesse-halte-a-la-criminalisation-de-la-mobilisation-et-du-mouvement-etudiant","status":"publish","type":"post","link":"https:\/\/mci-qi.org\/?p=8262","title":{"rendered":"Jeunesse\u00a0: Halte \u00e0 la criminalisation de la mobilisation et du mouvement \u00e9tudiant&#8230;"},"content":{"rendered":"\n<p>Mercredi 10 mai une proposition de loi a \u00e9t\u00e9 d\u00e9pos\u00e9e par la d\u00e9put\u00e9e Les R\u00e9publicains du Maine-et-Loire, Anne\u2011Laure Blin, cosign\u00e9e par vingt-cinq d\u00e9put\u00e9s de son groupe. Petit rappel, Mme Blin, a \u00e9t\u00e9 d\u00e9l\u00e9gu\u00e9e du syndicat de droite et d\u2019extr\u00eame droite UNI pendant ses \u00e9tudes&#8230;<\/p>\n\n\n\n<h3 class=\"wp-block-heading\">Intitul\u00e9e \u00ab&nbsp;<em>Mettre fin \u00e0 l\u2019occupation illicite des locaux universitaires<\/em>&nbsp;\u00bb, cette loi vise \u00e0 criminaliser et b\u00e2illonner la jeunesse \u00e9tudiante et ses organisations\u2026<\/h3>\n\n\n\n<p>Si cette loi est adopt\u00e9e, l&rsquo;occupation d&rsquo;une universit\u00e9 pourrait \u00eatre punie d&rsquo;une peine d&rsquo;un an d&#8217;emprisonnement et de 7 500 \u20ac d&rsquo;amende. (article\u00a0431\u201122 du code p\u00e9nal). <strong>C&rsquo;est une remise en cause inacceptable de la libert\u00e9 de conscience, d&rsquo;expression, d\u2019organisation et de manifestation des \u00e9tudiants.<\/strong><\/p>\n\n\n\n<h3 class=\"wp-block-heading\"><strong>Cette proposition de loi n\u2019est pas anodine, elle s\u2019inscrit dans la strat\u00e9gie politique du gouvernement, de r\u00e9pression et de criminalisation de l\u2019action syndicale, de la contestation et du mouvement contre la r\u00e9forme des retraites.<\/strong><\/h3>\n\n\n<div class=\"wp-block-image\">\n<figure class=\"aligncenter size-full is-resized\"><a href=\"https:\/\/mci-qi.org\/wp-content\/uploads\/2023\/05\/Fv0xkVhWAAATg3n.png\"><img loading=\"lazy\" decoding=\"async\" src=\"https:\/\/mci-qi.org\/wp-content\/uploads\/2023\/05\/Fv0xkVhWAAATg3n.png\" alt=\"\" class=\"wp-image-8263\" width=\"393\" height=\"450\" srcset=\"https:\/\/mci-qi.org\/wp-content\/uploads\/2023\/05\/Fv0xkVhWAAATg3n.png 618w, https:\/\/mci-qi.org\/wp-content\/uploads\/2023\/05\/Fv0xkVhWAAATg3n-262x300.png 262w, https:\/\/mci-qi.org\/wp-content\/uploads\/2023\/05\/Fv0xkVhWAAATg3n-400x458.png 400w\" sizes=\"auto, (max-width: 393px) 100vw, 393px\" \/><\/a><\/figure>\n<\/div>\n\n\n<h3 class=\"wp-block-heading\">Nous le disons tr\u00e8s clairement, refuser d\u2019appeler \u00e0 la gr\u00e8ve g\u00e9n\u00e9rale comme le fait<a href=\"https:\/\/mci-qi.org\/?p=8240\"> l\u2019intersyndicale<\/a>, c\u2019est laisser le pas au fascisme sous la forme d\u2019un gouvernement ultra-r\u00e9actionnaire.<\/h3>\n\n\n\n<p>Car ce gouvernement du Medef et de ses soutiens du RN et de la droite, n\u2019ont que faire de la \u00ab&nbsp;paix sociale&nbsp;\u00bb, eux qui gouvernent au LBD , \u00e0 la grenade de d\u00e9sencerclement, aux arrestations et d\u00e9tentions arbitraires\u2026<\/p>\n\n\n\n<h3 class=\"wp-block-heading\"><strong>Au contraire, l\u2019attelage Macron-Le Pen suivi par la droite, a la haine de classe contre le monde du travail, la jeunesse et ses organisations chevill\u00e9es au corps..<\/strong><\/h3>\n\n\n\n<p><strong>Les riches, les r\u00e9actionnaires<\/strong> <strong>ha\u00efssent<\/strong> les organisations des droits de l\u2019homme (seul P\u00e9tain et le r\u00e9gime de Vichy avait os\u00e9 attaquer la LDH avant Macron), les organisation syndicales ouvri\u00e8res, les f\u00e9ministes, les droits d\u00e9mocratiques\u2026<\/p>\n\n\n\n<p>Sur leurs m\u00e9dias (les m\u00e9dias bourgeois) , ils d\u00e9versent leur haine de classe et tentent de nous diviser avec les politiques racistes et s\u00e9curitaires. Dans un monde o\u00f9 les capitaux, les armes, les dictateurs, et les criminels de la finance circulent librement, ils voudraient nous faire croire que le probl\u00e8me c\u2019est l\u2019autre, l\u2019\u00e9tranger, le syndicaliste, le \u00ab&nbsp;gauchiste&nbsp;\u00bb&#8230; Bref l\u2019opprim\u00e9, l\u2019exploit\u00e9 qui ne veut pas se laisser faire&nbsp;!<\/p>\n\n\n\n<h1 class=\"wp-block-heading\">Nous le r\u00e9p\u00e9tons, la seule fa\u00e7on de stopper le gouvernement Macron-Borne soutenu par la droite et l\u2019extr\u00eame droite, c\u2019est l\u2019expression au grand jour des exploit\u00e9s et des opprim\u00e9s, la gr\u00e8ve g\u00e9n\u00e9rale.<\/h1>\n\n\n\n<h1 class=\"wp-block-heading\">Nous appelons tous les jeunes, les \u00e9tudiants et leurs organisations \u00e0 poursuivre la mobilisation dans l\u2019unit\u00e9 avec les travailleuses et les travailleurs, nous les appelons \u00e0 porter avec nous cette exigence&nbsp;, <strong><a href=\"https:\/\/mci-qi.org\/?p=8156\">rejoins-nous&nbsp;!<\/a><\/strong><\/h1>\n<div style=\"margin-top: 0px; margin-bottom: 0px;\" class=\"sharethis-inline-share-buttons\" ><\/div>","protected":false},"excerpt":{"rendered":"<div class=\"mh-excerpt\"><p>Une \u00e9ni\u00e8me proposition de loi pour b\u00e2illonner la jeunesse et la contestation&#8230;<\/p>\n<\/div>","protected":false},"author":2,"featured_media":8270,"comment_status":"closed","ping_status":"closed","sticky":false,"template":"","format":"standard","meta":{"footnotes":""},"categories":[34,5,38,8,7,17,48,14,36,15],"tags":[],"class_list":["post-8262","post","type-post","status-publish","format-standard","has-post-thumbnail","hentry","category-campagne-nationale","category-campagnes","category-declarations-du-gsi","category-diaporama","category-internationaliste","category-jeunesse","category-laicite","category-lutte-de-classes","category-national","category-syndicalisme"],"_links":{"self":[{"href":"https:\/\/mci-qi.org\/index.php?rest_route=\/wp\/v2\/posts\/8262","targetHints":{"allow":["GET"]}}],"collection":[{"href":"https:\/\/mci-qi.org\/index.php?rest_route=\/wp\/v2\/posts"}],"about":[{"href":"https:\/\/mci-qi.org\/index.php?rest_route=\/wp\/v2\/types\/post"}],"author":[{"embeddable":true,"href":"https:\/\/mci-qi.org\/index.php?rest_route=\/wp\/v2\/users\/2"}],"replies":[{"embeddable":true,"href":"https:\/\/mci-qi.org\/index.php?rest_route=%2Fwp%2Fv2%2Fcomments&post=8262"}],"version-history":[{"count":15,"href":"https:\/\/mci-qi.org\/index.php?rest_route=\/wp\/v2\/posts\/8262\/revisions"}],"predecessor-version":[{"id":8280,"href":"https:\/\/mci-qi.org\/index.php?rest_route=\/wp\/v2\/posts\/8262\/revisions\/8280"}],"wp:featuredmedia":[{"embeddable":true,"href":"https:\/\/mci-qi.org\/index.php?rest_route=\/wp\/v2\/media\/8270"}],"wp:attachment":[{"href":"https:\/\/mci-qi.org\/index.php?rest_route=%2Fwp%2Fv2%2Fmedia&parent=8262"}],"wp:term":[{"taxonomy":"category","embeddable":true,"href":"https:\/\/mci-qi.org\/index.php?rest_route=%2Fwp%2Fv2%2Fcategories&post=8262"},{"taxonomy":"post_tag","embeddable":true,"href":"https:\/\/mci-qi.org\/index.php?rest_route=%2Fwp%2Fv2%2Ftags&post=8262"}],"curies":[{"name":"wp","href":"https:\/\/api.w.org\/{rel}","templated":true}]}}