{"id":8289,"date":"2023-05-17T19:27:31","date_gmt":"2023-05-17T18:27:31","guid":{"rendered":"https:\/\/mci-qi.org\/?p=8289"},"modified":"2023-05-17T19:32:52","modified_gmt":"2023-05-17T18:32:52","slug":"vertbaudet-tout-notre-soutien-a-la-greve-contre-la-repression-anti-syndicale","status":"publish","type":"post","link":"https:\/\/mci-qi.org\/?p=8289","title":{"rendered":"VERTBAUDET : tout notre soutien \u00e0 la gr\u00e8ve contre la r\u00e9pression anti syndicale\u00a0!"},"content":{"rendered":"\n<h2 class=\"wp-block-heading\"><em>Cela fait deux mois qu\u2019environ 80 travailleuses et travailleurs de Vertbaudet sont en gr\u00e8ve et tiennent un piquet pacifiquement devant leur lieu de travail, un entrep\u00f4t de la marque situ\u00e9 \u00e0 Marquette-lez-Lille. Des dizaines d\u2019employ\u00e9s de l\u2019enseigne nordiste de v\u00eatements pour enfants ont arr\u00eat\u00e9 le travail depuis le 20&nbsp;mars.<\/em><\/h2>\n\n\n\n<p>Les gr\u00e9vistes repr\u00e9sentent presque un quart des 327&nbsp;salari\u00e9s (surtout des femmes) de l\u2019entrep\u00f4t de v\u00eatements pour enfants. Ainsi pour la premi\u00e8re fois de leur vie, \u00e0 50, 54&nbsp;ou 59&nbsp;ans, apr\u00e8s souvent plus de vingt ans de maison, les travailleuses de Verbaudet sont en gr\u00e8ve . <em>\u00ab<\/em>&nbsp;<em>Jamais on n\u2019aurait pens\u00e9 tenir aussi longtemps&nbsp;!&nbsp;\u00bb affirment-elles<\/em><\/p>\n\n\n\n<p>Les travailleuses r\u00e9clament une revalorisation de leur salaire \u00e0 hauteur de 150 euros nets par mois apr\u00e8s avoir refus\u00e9 l\u2019accord sorti des n\u00e9gociations annuelles obligatoires (NAO), sign\u00e9 par FO et la CFTC.<\/p>\n\n\n\n<p>\u00ab&nbsp;La dur\u00e9e de cette gr\u00e8ve en soi est un r\u00e9v\u00e9lateur de la l\u00e9gitimit\u00e9 de cette lutte&nbsp;\u00bb, insiste la CGT, assurant par ailleurs que la direction de l\u2019entreprise refusait de n\u00e9gocier.<\/p>\n\n\n\n<p>Un refus assorti d\u2019une demande du concours de la force publique pour \u00ab&nbsp;mettre \u00e0 ex\u00e9cution l\u2019ordonnance rendue le 21&nbsp;mars 2023 par le tribunal judiciaire de Lille, pour proc\u00e9der \u00e0 l\u2019expulsion de tout occupant illicite de son site&nbsp;\u00bb. L\u2019intervention de la police pour d\u00e9loger les gr\u00e9vistes s\u2019est donc d\u00e9roul\u00e9e lundi midi.<\/p>\n\n\n\n<p>\u00ab&nbsp;Les forces arm\u00e9es du Pr\u00e9fet sont de nouveau intervenues, ont fait usage de violences, y compris envers nos d\u00e9l\u00e9gu\u00e9s alors en d\u00e9l\u00e9gation sur le site de l\u2019entreprise&nbsp;\u00bb, a d\u00e9nonc\u00e9 la CGT, ajoutant que deux syndicalistes avaient \u00e9t\u00e9 interpell\u00e9s et plac\u00e9s en garde \u00e0 vue.<\/p>\n\n\n\n<p>Le soir m\u00eame de l&rsquo;\u00e9vacuation, un d\u00e9l\u00e9gu\u00e9 syndical \u00ab&nbsp;a \u00e9t\u00e9 embarqu\u00e9 devant chez lui par des policiers en civil&nbsp;\u00bb, clame la CGT Vertbaudet dans un communiqu\u00e9 partag\u00e9 ce mercredi matin par C\u00e9line Verzeletti, secr\u00e9taire conf\u00e9d\u00e9rale du syndicat.<\/p>\n\n\n\n<p>Le d\u00e9l\u00e9gu\u00e9 syndical en question a \u00e9t\u00e9 \u00ab&nbsp;plaqu\u00e9 sur sa voiture devant son enfant&nbsp;\u00bb et \u00ab&nbsp;embarqu\u00e9 dans un v\u00e9hicule banalis\u00e9&nbsp;\u00bb, fustige la CGT. Interpell\u00e9 \u00ab&nbsp;aux cris de \u00ab\u00a0sale gr\u00e9viste\u00a0\u00bb et de \u00ab\u00a0toi, le d\u00e9l\u00e9gu\u00e9 syndical\u00a0\u00bb&nbsp;\u00bb par des \u00ab\u00a0individus pr\u00e9tendument policiers\u00a0\u00bb, le d\u00e9l\u00e9gu\u00e9 syndical aurait ensuite \u00e9t\u00e9 \u00ab\u00a0copieusement gaz\u00e9, frapp\u00e9\u00a0\u00bb. Il aurait \u00e9galement re\u00e7u des crachats au visage.<\/p>\n\n\n\n<p>Nous le disons ici sans ambage, la r\u00e9pression antisyndicale est une politique vert\u00e9br\u00e9e directement par le syst\u00e8me Macron\/Borne\/Le Pen, tous ces gens ont en commun la haine de la lutte de classe ind\u00e9pendante des travailleuses, la d\u00e9testation des organisations ouvri\u00e8res, des <a href=\"https:\/\/mci-qi.org\/?p=7170\">f\u00e9ministes lutte des classes\u2026<\/a><\/p>\n\n\n\n<h2 class=\"wp-block-heading\"><strong>Et nous interpellons aussi tous les militants ouvriers, les syndicalistes, les travailleurs et les travailleuses, les jeunes&nbsp;: que fait l\u2019intersyndicale contre la r\u00e9pression anti syndicale&nbsp;? Combien de cas r\u00e9pertori\u00e9s au niveau national&nbsp;? Combien de d\u00e9l\u00e9gu\u00e9s brutalis\u00e9s, convoqu\u00e9s au commissariat, arr\u00eat\u00e9s arbitrairement&nbsp;? Pourquoi aucun communiqu\u00e9 commun, aucune initiative unitaire contre la r\u00e9pression anti-syndicale&nbsp;?<\/strong><\/h2>\n\n\n\n<h2 class=\"wp-block-heading\"><strong>Car pour nous il s\u2019agit bien de r\u00e9pondre \u00e0 la r\u00e9pression anti syndicale par l\u2019unit\u00e9 et la mobilisation permanente et ind\u00e9pendante des travailleuses, des travailleurs<\/strong> et des jeunes.<\/h2>\n\n\n\n<h2 class=\"wp-block-heading\"><strong>Vive la gr\u00e8ve des travailleuses et des travailleurs de Vertbaudet&nbsp;! Unit\u00e9 et mobilisation contre la r\u00e9pression anti syndicale&nbsp;!<\/strong><\/h2>\n<div style=\"margin-top: 0px; margin-bottom: 0px;\" class=\"sharethis-inline-share-buttons\" ><\/div>","protected":false},"excerpt":{"rendered":"<div class=\"mh-excerpt\"><p>Que fait l&rsquo;intersyndicale contre la r\u00e9pression anti-syndicale ?<\/p>\n<\/div>","protected":false},"author":3,"featured_media":8290,"comment_status":"closed","ping_status":"closed","sticky":false,"template":"","format":"standard","meta":{"footnotes":""},"categories":[34,5,19,38,8,52,14,36,15],"tags":[],"class_list":["post-8289","post","type-post","status-publish","format-standard","has-post-thumbnail","hentry","category-campagne-nationale","category-campagnes","category-declarations","category-declarations-du-gsi","category-diaporama","category-feminisme","category-lutte-de-classes","category-national","category-syndicalisme"],"_links":{"self":[{"href":"https:\/\/mci-qi.org\/index.php?rest_route=\/wp\/v2\/posts\/8289","targetHints":{"allow":["GET"]}}],"collection":[{"href":"https:\/\/mci-qi.org\/index.php?rest_route=\/wp\/v2\/posts"}],"about":[{"href":"https:\/\/mci-qi.org\/index.php?rest_route=\/wp\/v2\/types\/post"}],"author":[{"embeddable":true,"href":"https:\/\/mci-qi.org\/index.php?rest_route=\/wp\/v2\/users\/3"}],"replies":[{"embeddable":true,"href":"https:\/\/mci-qi.org\/index.php?rest_route=%2Fwp%2Fv2%2Fcomments&post=8289"}],"version-history":[{"count":2,"href":"https:\/\/mci-qi.org\/index.php?rest_route=\/wp\/v2\/posts\/8289\/revisions"}],"predecessor-version":[{"id":8296,"href":"https:\/\/mci-qi.org\/index.php?rest_route=\/wp\/v2\/posts\/8289\/revisions\/8296"}],"wp:featuredmedia":[{"embeddable":true,"href":"https:\/\/mci-qi.org\/index.php?rest_route=\/wp\/v2\/media\/8290"}],"wp:attachment":[{"href":"https:\/\/mci-qi.org\/index.php?rest_route=%2Fwp%2Fv2%2Fmedia&parent=8289"}],"wp:term":[{"taxonomy":"category","embeddable":true,"href":"https:\/\/mci-qi.org\/index.php?rest_route=%2Fwp%2Fv2%2Fcategories&post=8289"},{"taxonomy":"post_tag","embeddable":true,"href":"https:\/\/mci-qi.org\/index.php?rest_route=%2Fwp%2Fv2%2Ftags&post=8289"}],"curies":[{"name":"wp","href":"https:\/\/api.w.org\/{rel}","templated":true}]}}