{"id":8298,"date":"2023-06-06T15:05:14","date_gmt":"2023-06-06T14:05:14","guid":{"rendered":"https:\/\/mci-qi.org\/?p=8298"},"modified":"2023-06-07T10:51:56","modified_gmt":"2023-06-07T09:51:56","slug":"luttes-des-classes-colere-et-ressentiment","status":"publish","type":"post","link":"https:\/\/mci-qi.org\/?p=8298","title":{"rendered":"Luttes des classes :  Col\u00e8re et ressentiment"},"content":{"rendered":"\n<h2 class=\"wp-block-heading\">Le gouvernement cherche \u00e0 \u00ab&nbsp;tourner la page&nbsp;\u00bb de la contre-r\u00e9forme des retraites, \u00e0 \u00ab&nbsp;passer \u00e0 une autre s\u00e9quence&nbsp;\u00bb dans le jargon des technocrates de la communication politique, de la propagande.<\/h2>\n\n\n\n<p>Il lui faut maintenant imposer les autres volets de sa contre-r\u00e9forme&nbsp;: l\u2019assurance ch\u00f4mage et une nouvelle loi travail dont l\u2019aspect du \u00ab&nbsp;partage de la valeur&nbsp;\u00bb, etc pour tenter de rendre irr\u00e9versible la contre-r\u00e9forme des retraites.<\/p>\n\n\n\n<p>Comment&nbsp;? En amenant les dirigeants des organisations syndicales de salari\u00e9s \u00e0 \u00ab&nbsp;discuter&nbsp;\u00bb de ces volets, les impliquer en d\u00e9finitive dans la mise en \u0153uvre de la contre-r\u00e9forme des retraites. D\u2019o\u00f9 les \u00ab&nbsp;invitations&nbsp;\u00bb \u00e0 Matignon \u00ab&nbsp;en format bilat\u00e9rale&nbsp;\u00bb, l\u2019un apr\u00e8s l\u2019autre.<\/p>\n\n\n\n<p><strong>Le but est d\u2019infliger aux travailleurs une d\u00e9faite \u00e0 froid qui ouvrirait un boulevard aux exigences capitalistes, sur la base non plus d\u2019une \u00ab\u00a0simple\u00a0\u00bb int\u00e9gration des syndicats \u00e0 l\u2019\u00c9tat et \u00e0 l\u2019entreprise, mais d\u2019un affaiblissement durable de ceux-ci.<\/strong><\/p>\n\n\n\n<p>Aussi, le Medef, particuli\u00e8rement discret ces derniers mois, commence \u00e0 redonner de la voix et les exigences de baisse des imp\u00f4ts, des cotisations sociales et de renforcement des \u00ab&nbsp;incitations&nbsp;\u00bb, des subventions aux capitalistes reviennent en force dans ses expressions.<\/p>\n\n\n\n<h2 class=\"wp-block-heading\"><strong>Mais il y a loin de la coupe aux l\u00e8vres. La col\u00e8re perdure et le ressentiment s\u2019accro\u00eet de jour en jour.<\/strong>..<\/h2>\n\n\n\n<p>Le gouvernement multiplie les provocations et apporte de l\u2019eau au moulin de l\u2019extr\u00eame-droite de fa\u00e7on \u00e0 faire diversion et \u00e0 semer le trouble et la division parmi les rangs des travailleurs.<\/p>\n\n\n\n<p>Ainsi, la d\u00e9cision de d\u00e9placer les sans-abris de la r\u00e9gion de Paris vers la province correspond \u00e0 cet objectif.<\/p>\n\n\n\n<p>Patronat et gouvernement marchent la main dans la main pour attaquer les travailleurs, les syndicalistes, partout o\u00f9 ils se manifestent ou se sont manifest\u00e9s ces derniers mois. <\/p>\n\n\n\n<h2 class=\"wp-block-heading\"><strong><a href=\"https:\/\/mci-qi.org\/?p=8240\">La r\u00e9pression syndicale bat son plein et la r\u00e9ponse de l\u2019intersyndicale est loin d\u2019\u00eatre \u00e0 la hauteur de l\u2019offensive du gouvernement.<\/a><\/strong><\/h2>\n\n\n\n<p>Pas un licenciement, pas m\u00eame une sanction ne doit rester sans riposte, pas une \u00e9vacuation de piquet de gr\u00e8ve par la police ou par des nervis ne doit \u00eatre possible. De m\u00eame les convocations de militants, leur mise en examen \u00e9ventuelle, ne doivent pas s\u2019op\u00e9rer dans le silence.<\/p>\n\n\n\n<p><strong>Tol\u00e9rance z\u00e9ro pour la clique Macron-Borne-Darmanin-Cioti-Le Pen-Zemmour et leurs commanditaires du CAC 40&nbsp;!<\/strong><\/p>\n\n\n\n<p>Toutes les tentatives contre les travailleurs, les travailleuses et les syndicalistes doivent \u00eatre recens\u00e9es et doivent recevoir une r\u00e9ponse unitaire, par les moyens de la lutte des classes.<\/p>\n\n\n\n<p>Pratiquer la seule voie judiciaire condamnerait les travailleurs \u00e0 de longues ann\u00e9es de proc\u00e9dure alors que c\u2019est tout de suite, maintenant qu\u2019il faut riposter et faire reculer patronat et gouvernement.<\/p>\n\n\n\n<p>Toute mobilisation pour les salaires, pour l\u2019emploi, les conditions de travail, etc. doit obtenir un soutien inconditionnel et un soutien \u00e0 l\u2019\u00e9chelle du pays.<\/p>\n\n\n\n<h2 class=\"wp-block-heading\"><strong>La bourgeoisie, le gouvernement doivent craindre la col\u00e8re populaire, le ressentiment doit se transformer en une force mobilisatrice \u00e0 laquelle rien ne pourra r\u00e9sister.<\/strong><\/h2>\n\n\n\n<p>C\u2019est l\u2019enjeu de ces prochaines semaines, sans attendre, au-del\u00e0 du 6 juin qui doit \u00eatre massif pour l\u2019exigence du retrait de la contre-r\u00e9forme&nbsp;: <strong>seul le rapport de forces compte. Des millions doivent <\/strong><strong>s<\/strong><strong>e faire entendre.<\/strong><\/p>\n\n\n\n<p>C\u2019est la seule voie pour ouvrir une issue politique positive dans le sens de l\u2019int\u00e9r\u00eat des exploit\u00e9s et de la jeunesse.<\/p>\n<div style=\"margin-top: 0px; margin-bottom: 0px;\" class=\"sharethis-inline-share-buttons\" ><\/div>","protected":false},"excerpt":{"rendered":"<div class=\"mh-excerpt\"><p>Le gouvernement cherche \u00e0 \u00ab\u00a0tourner\u00a0\u00bb la page de la contre r\u00e9forme des retraites&#8230;<\/p>\n<\/div>","protected":false},"author":2,"featured_media":8300,"comment_status":"closed","ping_status":"closed","sticky":false,"template":"","format":"standard","meta":{"footnotes":""},"categories":[34,5,19,38,8,7,14,36],"tags":[],"class_list":["post-8298","post","type-post","status-publish","format-standard","has-post-thumbnail","hentry","category-campagne-nationale","category-campagnes","category-declarations","category-declarations-du-gsi","category-diaporama","category-internationaliste","category-lutte-de-classes","category-national"],"_links":{"self":[{"href":"https:\/\/mci-qi.org\/index.php?rest_route=\/wp\/v2\/posts\/8298","targetHints":{"allow":["GET"]}}],"collection":[{"href":"https:\/\/mci-qi.org\/index.php?rest_route=\/wp\/v2\/posts"}],"about":[{"href":"https:\/\/mci-qi.org\/index.php?rest_route=\/wp\/v2\/types\/post"}],"author":[{"embeddable":true,"href":"https:\/\/mci-qi.org\/index.php?rest_route=\/wp\/v2\/users\/2"}],"replies":[{"embeddable":true,"href":"https:\/\/mci-qi.org\/index.php?rest_route=%2Fwp%2Fv2%2Fcomments&post=8298"}],"version-history":[{"count":5,"href":"https:\/\/mci-qi.org\/index.php?rest_route=\/wp\/v2\/posts\/8298\/revisions"}],"predecessor-version":[{"id":8307,"href":"https:\/\/mci-qi.org\/index.php?rest_route=\/wp\/v2\/posts\/8298\/revisions\/8307"}],"wp:featuredmedia":[{"embeddable":true,"href":"https:\/\/mci-qi.org\/index.php?rest_route=\/wp\/v2\/media\/8300"}],"wp:attachment":[{"href":"https:\/\/mci-qi.org\/index.php?rest_route=%2Fwp%2Fv2%2Fmedia&parent=8298"}],"wp:term":[{"taxonomy":"category","embeddable":true,"href":"https:\/\/mci-qi.org\/index.php?rest_route=%2Fwp%2Fv2%2Fcategories&post=8298"},{"taxonomy":"post_tag","embeddable":true,"href":"https:\/\/mci-qi.org\/index.php?rest_route=%2Fwp%2Fv2%2Ftags&post=8298"}],"curies":[{"name":"wp","href":"https:\/\/api.w.org\/{rel}","templated":true}]}}