{"id":8308,"date":"2023-06-07T12:39:25","date_gmt":"2023-06-07T11:39:25","guid":{"rendered":"https:\/\/mci-qi.org\/?p=8308"},"modified":"2023-06-07T13:02:18","modified_gmt":"2023-06-07T12:02:18","slug":"education-en-danger-pour-le-retrait-du-pacte-enseignant-pour-laugmentation-des-salaires","status":"publish","type":"post","link":"https:\/\/mci-qi.org\/?p=8308","title":{"rendered":"\u00c9ducation en danger : Pour le retrait du \u00ab\u00a0pacte enseignant\u00a0\u00bb , pour l\u2019augmentation des salaires"},"content":{"rendered":"\n<h2 class=\"has-text-align-right wp-block-heading\"><em>Par les enseignant.e.s du MCI<\/em><\/h2>\n\n\n\n<h2 class=\"wp-block-heading\"><strong>L\u2019aboutissement de 40 ans de contre-r\u00e9formes<\/strong><\/h2>\n\n\n\n<p>Depuis plus de 40 ans, les gouvernements successifs, de droite ou de \u00ab&nbsp;gauche&nbsp;\u00bb, ont attaqu\u00e9 m\u00e9thodiquement l\u2019enseignement public. Le r\u00e9sultat de ces politiques c\u2019est une baisse sans pr\u00e9c\u00e9dent des salaires r\u00e9els et une remis en cause du statut des enseignants.<\/p>\n\n\n\n<p>Les conditions de travail pour les personnels de l\u2019Education nationale, et les conditions d\u2019\u00e9tude pour les \u00e9l\u00e8ves se d\u00e9gradent dramatiquement. C\u2019est bien \u00e0 un effondrement du syst\u00e8me de l\u2019enseignement public , \u00e0 un sabotage en r\u00e8gle par Macron-Borne-Ndiaye auquel nous assistons actuellement\u2026.<\/p>\n\n\n\n<p>Logiquement, l\u2019Education nationale n\u2019arrive plus \u00e0 recruter ni titulaires ni contractuels. Dans ce contexte, le gouvernement Macron-Borne Ndiaye, pr\u00e9tendant revolariser les enseignants pour attirer de nouveaux candidats, m\u00e8ne une nouvelle entreprise de d\u00e9molition de l\u2019enseignement public avec le \u00ab&nbsp;Pacte&nbsp;\u00bb. Cette nouvelle attaque se situe dans la continuit\u00e9 des contre-r\u00e9formes pr\u00e9c\u00e9dentes.<\/p>\n\n\n\n<h2 class=\"wp-block-heading\"><strong>Arnaques, mensonges et <\/strong><strong>Pacte enseignant&#8230;<\/strong><\/h2>\n\n\n\n<p><strong>Le \u00ab&nbsp;Pacte&nbsp;\u00bb repose sur le <\/strong><strong>mensonge <\/strong><strong>capitaliste<\/strong><strong> du&#8230; \u00ab\u00a0travailler plus pour gagner plus<\/strong>\u00ab\u00a0. Rappelons que les professeurs travaillent d\u00e9j\u00e0 43 heures en moyenne par semaine et cela pour des salaires qui se situent parmi les plus bas des pays de l\u2019OCDE.<\/p>\n\n\n\n<p><strong>Ce pacte est compos\u00e9 de deux parties<\/strong> :<\/p>\n\n\n\n<p><strong>Une<\/strong><strong> partie socle<\/strong>, qui correspond \u00e0 une hausse \u00ab&nbsp;inconditionnelle&nbsp;\u00bb pour les enseignants&nbsp;: l\u2019indemnit\u00e9 de suivi des \u00e9l\u00e8ves va \u00eatre multipli\u00e9e par deux, et les enseignants qui se situent jusqu\u2019au 8<sup>e<\/sup> \u00e9chelon verront leur prime d\u2019attractivit\u00e9 augment\u00e9e.<\/p>\n\n\n\n<p>Il s\u2019agit de primes, c\u2019est-\u00e0-dire que cela n\u2019est pas pris en compte dans les cotisations pour la retraite et cela ne contribue pas au financement de la s\u00e9curit\u00e9 sociale.<\/p>\n\n\n\n<p>De plus, les hausses sont inf\u00e9rieures \u00e0 ce que le candidat Macron avait promis pendant sa campagne \u00e9lectoral, tr\u00e8s inf\u00e9rieur \u00e0 la perte de pouvoir d\u2019achat subi par les enseignants depuis 40 ans (environ 30% notamment du fait de la d\u00e9sindexation des salaires sur l\u2019inflation). Les hausses attribu\u00e9es ne compensent m\u00eame pas l\u2019inflation de cette ann\u00e9e&nbsp;!<\/p>\n\n\n\n<p><strong>Une autre partie <\/strong>correspond \u00e0 des t\u00e2ches suppl\u00e9mentaires, notamment les remplacements de courte-dur\u00e9e au pied lev\u00e9. Alors que la solution est de recruter massivement des enseignants statutaires et titulariser les contractuels.<\/p>\n\n\n\n<h2 class=\"wp-block-heading\"><strong>De plus, les enseignants ayant sign\u00e9 ce pacte ne pourront pas revenir en arri\u00e8re.<\/strong> <\/h2>\n\n\n\n<p>Un des objectifs sera de monter les coll\u00e8gues les uns contre les autres et on imagine les pressions exerc\u00e9es sur les agents par les directions d\u2019\u00e9tablissement qui doivent remplir des objectifs fix\u00e9s par les rectorats.<\/p>\n\n\n\n<p><strong>Cela constitue donc une remise en cause des obligations de service, c\u2019est-\u00e0-dire la fin du statut des enseignants, d\u00e9j\u00e0 s\u00e9rieusement attaqu\u00e9 avec l\u2019abrogation du d\u00e9cret 1950 en 2013 par le gouvernement <\/strong><strong>de \u00ab&nbsp;gauche&nbsp;\u00bb<\/strong><strong>.<\/strong><\/p>\n\n\n\n<p>Face \u00e0 cette situation, il est de la responsabilit\u00e9s des organisations syndicales et de l\u2019intersyndicale de tout mettre en \u0153uvre pour s\u2019opposer \u00e0 cette nouvelle contre-r\u00e9forme dans l\u2019\u00c9ducation nationale ( qui vient s\u2019ajouter \u00e0 la destruction pure et simple des lyc\u00e9es professionnels, du statut de prof de lyc\u00e9e pro&#8230;).<\/p>\n\n\n\n<h2 class=\"wp-block-heading\">Face \u00e0 ces attaques sans pr\u00e9c\u00e9dents, nous appelons \u00e0 la multiplication des HIS, des assembl\u00e9es g\u00e9n\u00e9rales et \u00e0 la lev\u00e9e de cahiers de revendications.<\/h2>\n\n\n\n<h2 class=\"wp-block-heading\">Nous appelons \u00e0 multiplier les prises de position dans chaque \u00e9tablissement, \u00e0 l\u2019unit\u00e9 et la mobilisation g\u00e9n\u00e9rale d\u00e8s maintenant, il y a urgence&#8230;<\/h2>\n\n\n\n<h1 class=\"wp-block-heading\"><strong>Unit\u00e9 et mobilisation pour le retrait inconditionnel du \u00ab\u00a0pacte\u00a0\u00bb\u00a0!<\/strong><\/h1>\n\n\n\n<h1 class=\"wp-block-heading\"><strong>Pas de retrait du \u00ab\u00a0Pacte enseignant\u00a0\u00bb , pas de rentr\u00e9e, gr\u00e8ve g\u00e9n\u00e9rale !<\/strong><\/h1>\n\n\n\n<h1 class=\"wp-block-heading\"><strong>Enseignant.e, coll\u00e8gue, boycott le Pacte, ne te suicide pas, ne signe pas&nbsp;!<\/strong><\/h1>\n<div style=\"margin-top: 0px; margin-bottom: 0px;\" class=\"sharethis-inline-share-buttons\" ><\/div>","protected":false},"excerpt":{"rendered":"<div class=\"mh-excerpt\"><p>Le \u00ab\u00a0Pacte\u00a0enseignant \u00bb repose sur le mensonge capitaliste du&#8230; \u00ab\u00a0travailler plus pour gagner plus\u00a0\u00bb.<\/p>\n<\/div>","protected":false},"author":2,"featured_media":8309,"comment_status":"closed","ping_status":"closed","sticky":false,"template":"","format":"standard","meta":{"footnotes":""},"categories":[34,5,19,38,8,16,17,48,14,36,15],"tags":[],"class_list":["post-8308","post","type-post","status-publish","format-standard","has-post-thumbnail","hentry","category-campagne-nationale","category-campagnes","category-declarations","category-declarations-du-gsi","category-diaporama","category-enseignement","category-jeunesse","category-laicite","category-lutte-de-classes","category-national","category-syndicalisme"],"_links":{"self":[{"href":"https:\/\/mci-qi.org\/index.php?rest_route=\/wp\/v2\/posts\/8308","targetHints":{"allow":["GET"]}}],"collection":[{"href":"https:\/\/mci-qi.org\/index.php?rest_route=\/wp\/v2\/posts"}],"about":[{"href":"https:\/\/mci-qi.org\/index.php?rest_route=\/wp\/v2\/types\/post"}],"author":[{"embeddable":true,"href":"https:\/\/mci-qi.org\/index.php?rest_route=\/wp\/v2\/users\/2"}],"replies":[{"embeddable":true,"href":"https:\/\/mci-qi.org\/index.php?rest_route=%2Fwp%2Fv2%2Fcomments&post=8308"}],"version-history":[{"count":8,"href":"https:\/\/mci-qi.org\/index.php?rest_route=\/wp\/v2\/posts\/8308\/revisions"}],"predecessor-version":[{"id":8317,"href":"https:\/\/mci-qi.org\/index.php?rest_route=\/wp\/v2\/posts\/8308\/revisions\/8317"}],"wp:featuredmedia":[{"embeddable":true,"href":"https:\/\/mci-qi.org\/index.php?rest_route=\/wp\/v2\/media\/8309"}],"wp:attachment":[{"href":"https:\/\/mci-qi.org\/index.php?rest_route=%2Fwp%2Fv2%2Fmedia&parent=8308"}],"wp:term":[{"taxonomy":"category","embeddable":true,"href":"https:\/\/mci-qi.org\/index.php?rest_route=%2Fwp%2Fv2%2Fcategories&post=8308"},{"taxonomy":"post_tag","embeddable":true,"href":"https:\/\/mci-qi.org\/index.php?rest_route=%2Fwp%2Fv2%2Ftags&post=8308"}],"curies":[{"name":"wp","href":"https:\/\/api.w.org\/{rel}","templated":true}]}}