{"id":8337,"date":"2023-06-19T13:21:00","date_gmt":"2023-06-19T12:21:00","guid":{"rendered":"https:\/\/mci-qi.org\/?p=8337"},"modified":"2023-07-06T13:40:06","modified_gmt":"2023-07-06T12:40:06","slug":"lhopital-de-guingamp-un-cas-unique","status":"publish","type":"post","link":"https:\/\/mci-qi.org\/?p=8337","title":{"rendered":"L\u2019h\u00f4pital de Guingamp, un cas unique\u00a0?"},"content":{"rendered":"\n<p class=\"has-text-align-right\"><em><strong>Par J.-Louis, correspondant<\/strong><\/em><\/p>\n\n\n\n<p>La presse locale a rapport\u00e9 que le mercredi 31 mai, partie de Gurunhuel \u00e0 une quinzaine de kilom\u00e8tre \u00e0 l\u2019ouest de Guingamp, une femme a accouch\u00e9 au bord de la RN&nbsp;12 dans le v\u00e9hicule des pompiers volontaires \u00e0 Pl\u00e9lo.<\/p>\n\n\n\n<p>Pl\u00e9lo qui se trouve \u00e0 une quinzaine de kilom\u00e8tre \u00e0 l\u2019est de Guingamp. Il en restait une dizaine pour atteindre la destination, le CHU de Saint-Brieuc. Soit en tout un p\u00e9riple de pr\u00e8s de 50 kilom\u00e8tres.<\/p>\n\n\n\n<p>La raison est simple&nbsp;: elle aurait d\u00fb \u00eatre admise \u00e0 la maternit\u00e9 de Guingamp (Pabu) o\u00f9 les accouchements sont suspendus depuis le 26 avril \u00ab&nbsp;pour deux mois&nbsp;\u00bb selon l\u2019Agence r\u00e9gionale de sant\u00e9 (ARS). Avec la crainte que, l\u2019\u00e9t\u00e9 arrivant, les accouchements demeurent \u00ab&nbsp;suspendus&nbsp;\u00bb\u2026 d\u00e9finitivement.<\/p>\n\n\n\n<p>Mobilis\u00e9es depuis des ann\u00e9es contre les projets de fermeture, ce samedi 17 juin, \u00e0 l\u2019appel de la \u00ab&nbsp;Coordination sant\u00e9 du pays de Guingamp&nbsp;\u00bb, 3&nbsp;000 personnes, selon les organisateurs, s\u2019\u00e9taient rassembl\u00e9es devant le stade pour des prises de parole avant de prendre le chemin de l\u2019h\u00f4pital.<\/p>\n\n\n\n<p>Des soignants, les repr\u00e9sentants de l\u2019intersyndicale, des \u00e9lus locaux, un d\u00e9put\u00e9, un s\u00e9nateur et, surtout des habitants de l\u2019agglom\u00e9ration et des environs ont \u00e9cout\u00e9 les intervenants. Se sont relay\u00e9s au micro des repr\u00e9sentants de comit\u00e9s de d\u00e9fense de l\u2019h\u00f4pital public de Guingamp mais aussi de Paimpol, Lannion, Carhaix, Concarneau, Douarnenez, Landerneau, Dinan, etc.<\/p>\n\n\n\n<p>Tous ont d\u00e9crit une situation organis\u00e9e, voulue depuis de d\u00e9cennies, ce qu\u2019il nous faut ici appeler un sabotage de l\u2019h\u00f4pital public. Le faible nombre de m\u00e9decins form\u00e9s depuis 40 ans pendant que des dizaines de milliers de lits d\u2019h\u00f4pital \u00e9taient supprim\u00e9s fait qu\u2019aujourd\u2019hui la p\u00e9nurie s\u2019est install\u00e9e.<\/p>\n\n\n\n<p>D\u00e9sormais au nom de cette p\u00e9nurie, on ferme des lits, des services, des h\u00f4pitaux publics. La cardiologie, la r\u00e9animation, les urgences, la ligne du SMUR, la chirurgie, la gyn\u00e9cologie, l\u2019obst\u00e9trique, la maternit\u00e9&nbsp;: d\u00e8s que la difficult\u00e9 \u00e0 recruter des professionnels se manifeste, l\u2019ARS intervient pour suspendre puis fermer le service concern\u00e9.<\/p>\n\n\n\n<p>Elle pratique le \u00ab&nbsp;stop and go&nbsp;\u00bb qui consiste en suspendre un service quand les praticiens manquent, pour le red\u00e9marrer, \u00e9ventuellement, quand le recrutement est suffisant&nbsp;!<\/p>\n\n\n\n<p>Recrutement aggrav\u00e9 par la loi Rist entr\u00e9e en vigueur le 3 avril, plafonnant\u00b9 la r\u00e9mun\u00e9ration des m\u00e9decins int\u00e9rimaires dans le seul h\u00f4pital public ce qui provoque le d\u00e9part de ces praticiens vers le priv\u00e9. Outre que le d\u00e9veloppement de l\u2019int\u00e9rim est directement li\u00e9 \u00e0 p\u00e9nurie et qu\u2019il co\u00fbte dans tous les cas plus cher \u00e0 l\u2019h\u00f4pital qu\u2019un personnel p\u00e9renne.<\/p>\n\n\n\n<p>Tout comme le blocage des honoraires en secteur conventionn\u00e9 est fait pour pousser les m\u00e9decins \u00e0 en sortir et \u00e0 pratiquer le d\u00e9passement&nbsp;: l\u2019objectif du gouvernement, c\u2019est que le march\u00e9 dise qui doit vivre ou mourir.<\/p>\n\n\n\n<p>Les travailleurs, plus g\u00e9n\u00e9ralement la population veut des h\u00f4pitaux de proximit\u00e9, ouvert 7 jours sur 7, 24 heures sur 24 avec des urgences, de la chirurgie, une maternit\u00e9 qui ne n\u00e9cessite pas de faire des dizaines de kilom\u00e8tres pour se soigner. Bref un h\u00f4pital public de plein exercice proche de chez soi&nbsp;?<\/p>\n\n\n\n<p>Par la loi Buzyn, le gouvernement Macron-Philippe a cr\u00e9\u00e9 une nouvelle cat\u00e9gorie d\u2019\u00e9tablissement, \u00ab&nbsp;l\u2019h\u00f4pital de proximit\u00e9&nbsp;\u00bb, sans urgences, sans chirurgie, sans r\u00e9animation, sans maternit\u00e9&nbsp;! Une sorte de dispensaire am\u00e9lior\u00e9&#8230;<\/p>\n\n\n\n<p>En ouverture du \u00ab&nbsp;S\u00e9gur de la sant\u00e9&nbsp;\u00bb, \u00c9.&nbsp;Philippe avait enfonc\u00e9 le clou en deux phrases laconiques&nbsp;: \u00ab&nbsp;on ne change pas de cap&nbsp;\u00bb et \u00ab&nbsp;on acc\u00e9l\u00e8re&nbsp;\u00bb. Le gouvernement ne le reconna\u00eetra pas ouvertement, mais c\u2019est bien l\u2019objectif poursuivi par l\u2019\u00c9tat au service des capitalistes, l\u2019h\u00f4pital public est en train de s\u2019effondrer. On en est l\u00e0&nbsp;!<\/p>\n\n\n\n<p>Or, la Covid-19 l\u2019a d\u00e9montr\u00e9, il est urgentissime de changer de cap, de s\u2019occuper de la bonne sant\u00e9 de la population et non de celle des march\u00e9s financiers&nbsp;!<\/p>\n\n\n\n<p>Au nom de l\u2019innovation et de la t\u00e9l\u00e9m\u00e9decine, l\u2019\u00c9tat a ouvert un boulevard aux profiteurs, voire aux escrocs et aux parasites qui \u00ab&nbsp;crament la caisse&nbsp;\u00bb de l\u2019assurance maladie et le budget de la sant\u00e9 publique.<\/p>\n\n\n\n<p>La solution \u00ab&nbsp;cl\u00e9 en main&nbsp;\u00bb des ARS et de certains \u00e9lus locaux, c\u2019est le partenariat public-priv\u00e9 qui consiste \u00e0 \u00ab&nbsp;adosser&nbsp;\u00bb un r\u00e9seau de clinique et de cabinets pratiquant souvent le d\u00e9passement d\u2019honoraires au \u00ab&nbsp;plateau technique&nbsp;\u00bb d\u2019un h\u00f4pital public.<\/p>\n\n\n\n<p>Cependant l\u2019h\u00f4pital public subit aussi les cons\u00e9quences du d\u00e9labrement de la m\u00e9decine de ville. Pendant des ann\u00e9es les d\u00e9fenseurs du capital ont pr\u00e9tendu que le nombre de m\u00e9decins n\u2019avait jamais \u00e9t\u00e9 aussi \u00e9lev\u00e9, mais mal r\u00e9parti.<\/p>\n\n\n\n<p>Ceci en contradiction avec les chiffres du Conseil national de l\u2019ordre des m\u00e9decins qui alertait sur le d\u00e9part massif des praticiens \u00e0 la retraite.<\/p>\n\n\n\n<p>Aujourd\u2019hui force est de constater qu\u2019un million de personnes est sans m\u00e9decin traitant et que les d\u00e9lais pour obtenir un rendez-vous de sp\u00e9cialiste sont interminables.<\/p>\n\n\n\n<p>La situation dans \u00ab&nbsp;le pays de Guingamp&nbsp;\u00bb est arriv\u00e9e au point de rupture&nbsp;: plus de six mois pour un rendez-vous de dentiste quand on ne s\u2019entend pas r\u00e9pondre que les praticiens ne prennent pas de nouveaux patients. Des dizaines d\u2019appels arrivent tous les jours dans chaque cabinet de g\u00e9n\u00e9ralistes pour des patients qui cherchent un m\u00e9decin traitant&nbsp;!<\/p>\n\n\n\n<p>L\u2019h\u00f4pital de Guingamp n\u2019est pas un cas unique, la situation de la Bretagne n\u2019est pas une situation exceptionnelle&nbsp;!<\/p>\n\n\n\n<p>La voie pour imposer \u00ab&nbsp;un autre cap&nbsp;\u00bb c\u2019est celle de la mobilisation dans l\u2019unit\u00e9 des travailleurs, des m\u00e9decins, infirmiers et infirmi\u00e8res, aides-soignant(e)s. C\u2019est ce que d\u00e9montre le rassemblement du 17 juin.<\/p>\n\n\n\n<p>Or, il en va de la mobilisation contre la contre-r\u00e9forme des retraites ou de celles contre les fermetures de classe ou contre toute attaque gouvernementale \u00e0 l\u2019instar de la mobilisation d&rsquo;aujourd&rsquo;hui en d\u00e9fense de l\u2019h\u00f4pital public.<\/p>\n\n\n\n<p>La question qui se pose, l&rsquo;exigence, c\u2019est d\u2019en finir avec une politique, un gouvernement, un r\u00e9gime qui sont un obstacle absolu \u00e0 toute revendication d\u00e9mocratique ou sociale.<\/p>\n\n\n\n<p>__________________________<\/p>\n\n\n\n<p>\u00b9&nbsp;\u00c0 1390\u20ac brut pour 24 heures alors que le ministre reconna\u00eet des tarification qui vont jusqu\u2019\u00e0 5000\u20ac.<\/p>\n<div style=\"margin-top: 0px; margin-bottom: 0px;\" class=\"sharethis-inline-share-buttons\" ><\/div>","protected":false},"excerpt":{"rendered":"<div class=\"mh-excerpt\"><p>Des soignants, les repr\u00e9sentants de l\u2019intersyndicale, des \u00e9lus locaux, surtout des habitants de l\u2019agglom\u00e9ration et des environs&#8230;<\/p>\n<\/div>","protected":false},"author":7,"featured_media":8339,"comment_status":"closed","ping_status":"closed","sticky":false,"template":"","format":"standard","meta":{"footnotes":""},"categories":[35,5,19,8,7,14,15],"tags":[],"class_list":["post-8337","post","type-post","status-publish","format-standard","has-post-thumbnail","hentry","category-campagne-internationale","category-campagnes","category-declarations","category-diaporama","category-internationaliste","category-lutte-de-classes","category-syndicalisme"],"_links":{"self":[{"href":"https:\/\/mci-qi.org\/index.php?rest_route=\/wp\/v2\/posts\/8337","targetHints":{"allow":["GET"]}}],"collection":[{"href":"https:\/\/mci-qi.org\/index.php?rest_route=\/wp\/v2\/posts"}],"about":[{"href":"https:\/\/mci-qi.org\/index.php?rest_route=\/wp\/v2\/types\/post"}],"author":[{"embeddable":true,"href":"https:\/\/mci-qi.org\/index.php?rest_route=\/wp\/v2\/users\/7"}],"replies":[{"embeddable":true,"href":"https:\/\/mci-qi.org\/index.php?rest_route=%2Fwp%2Fv2%2Fcomments&post=8337"}],"version-history":[{"count":1,"href":"https:\/\/mci-qi.org\/index.php?rest_route=\/wp\/v2\/posts\/8337\/revisions"}],"predecessor-version":[{"id":8340,"href":"https:\/\/mci-qi.org\/index.php?rest_route=\/wp\/v2\/posts\/8337\/revisions\/8340"}],"wp:featuredmedia":[{"embeddable":true,"href":"https:\/\/mci-qi.org\/index.php?rest_route=\/wp\/v2\/media\/8339"}],"wp:attachment":[{"href":"https:\/\/mci-qi.org\/index.php?rest_route=%2Fwp%2Fv2%2Fmedia&parent=8337"}],"wp:term":[{"taxonomy":"category","embeddable":true,"href":"https:\/\/mci-qi.org\/index.php?rest_route=%2Fwp%2Fv2%2Fcategories&post=8337"},{"taxonomy":"post_tag","embeddable":true,"href":"https:\/\/mci-qi.org\/index.php?rest_route=%2Fwp%2Fv2%2Ftags&post=8337"}],"curies":[{"name":"wp","href":"https:\/\/api.w.org\/{rel}","templated":true}]}}